{"id":2789,"date":"2026-04-26T03:06:39","date_gmt":"2026-04-26T03:06:39","guid":{"rendered":"https:\/\/famatv.com.br\/?p=2789"},"modified":"2026-04-26T03:06:39","modified_gmt":"2026-04-26T03:06:39","slug":"neymar-supera-300-milhoes-de-visualizacoes-em-15-dias-e-mantem-faturamento-anual-acima-de-r-177-milhoes","status":"publish","type":"post","link":"https:\/\/famatv.com.br\/index.php\/2026\/04\/26\/neymar-supera-300-milhoes-de-visualizacoes-em-15-dias-e-mantem-faturamento-anual-acima-de-r-177-milhoes\/","title":{"rendered":"Neymar supera 300 milh\u00f5es de visualiza\u00e7\u00f5es em 15 dias e mant\u00e9m faturamento anual acima de R$ 177 milh\u00f5es"},"content":{"rendered":"\n<p>Neymar Jr. continua demonstrando que sua relev\u00e2ncia vai muito al\u00e9m dos gramados. O atacante brasileiro ultrapassou a marca de 300 milh\u00f5es de visualiza\u00e7\u00f5es nas redes sociais em um intervalo de aproximadamente 15 dias, refor\u00e7ando seu poder de mobiliza\u00e7\u00e3o digital em escala global.<\/p>\n\n\n\n<p>O desempenho chama aten\u00e7\u00e3o pelo perfil do p\u00fablico. A maior parte do engajamento gerado pelas publica\u00e7\u00f5es do jogador vem do exterior, indicando que sua imagem ultrapassa fronteiras e mant\u00e9m forte conex\u00e3o com audi\u00eancias internacionais. Esse alcance global \u00e9 resultado de anos de exposi\u00e7\u00e3o em grandes clubes europeus, al\u00e9m da presen\u00e7a constante em campanhas e eventos de repercuss\u00e3o mundial.<\/p>\n\n\n\n<p>No campo comercial, Neymar segue liderando entre os atletas brasileiros. O jogador acumula cerca de 20 contratos ativos com marcas de diferentes segmentos, consolidando sua posi\u00e7\u00e3o como um dos principais nomes do marketing esportivo. Estima-se que apenas com publicidade e campanhas, o faturamento anual ultrapasse 30 milh\u00f5es de d\u00f3lares, o equivalente a aproximadamente R$ 177 milh\u00f5es.<\/p>\n\n\n\n<p>Especialistas apontam que a combina\u00e7\u00e3o entre visibilidade digital, apelo internacional e presen\u00e7a constante no mercado publicit\u00e1rio mant\u00e9m Neymar em um patamar elevado dentro da ind\u00fastria do esporte. Mesmo diante de oscila\u00e7\u00f5es dentro de campo, sua imagem continua altamente valorizada, garantindo protagonismo tanto no cen\u00e1rio esportivo quanto no comercial.<\/p>\n\n\n<!-- wp:embed \"url\":\"https:\/\/www.instagram.com\/reel\/DXk8_AgjVv-\/?igsh=MWtjdTQ0a2Y1cW10OA==\",\"type\":\"rich\",\"providerNameSlug\":\"instagram\",\"responsive\":true -->\n<figure class=\"wp-block-embed is-type-rich is-provider-instagram wp-block-embed-instagram\"><div class=\"wp-block-embed__wrapper\">\nhttps:\/\/www.instagram.com\/reel\/DXk8_AgjVv-\/?igsh=MWtjdTQ0a2Y1cW10OA==\n<\/div><\/figure>\n<!-- \/wp:post-content -->","protected":false},"excerpt":{"rendered":"<p>Neymar Jr. continua demonstrando que sua relev\u00e2ncia vai muito al\u00e9m dos gramados. O atacante brasileiro ultrapassou a marca de 300 milh\u00f5es de visualiza\u00e7\u00f5es nas redes sociais em um intervalo de aproximadamente 15 dias, refor\u00e7ando seu poder de mobiliza\u00e7\u00e3o digital em escala global. O desempenho chama aten\u00e7\u00e3o pelo perfil do p\u00fablico. A maior parte do engajamento \u2026<\/p>\n","protected":false},"author":2,"featured_media":2788,"comment_status":"closed","ping_status":"open","sticky":false,"template":"","format":"standard","meta":{"footnotes":""},"categories":[32],"tags":[],"class_list":["post-2789","post","type-post","status-publish","format-standard","has-post-thumbnail","hentry","category-famosos"],"featured_image_urls":{"full":["https:\/\/famatv.com.br\/wp-content\/uploads\/2026\/04\/IMG_4114.jpeg",1320,847,false],"thumbnail":["https:\/\/famatv.com.br\/wp-content\/uploads\/2026\/04\/IMG_4114-150x150.jpeg",150,150,true],"medium":["https:\/\/famatv.com.br\/wp-content\/uploads\/2026\/04\/IMG_4114-300x193.jpeg",300,193,true],"medium_large":["https:\/\/famatv.com.br\/wp-content\/uploads\/2026\/04\/IMG_4114-768x493.jpeg",768,493,true],"large":["https:\/\/famatv.com.br\/wp-content\/uploads\/2026\/04\/IMG_4114-1024x657.jpeg",1024,657,true],"1536x1536":["https:\/\/famatv.com.br\/wp-content\/uploads\/2026\/04\/IMG_4114.jpeg",1320,847,false],"2048x2048":["https:\/\/famatv.com.br\/wp-content\/uploads\/2026\/04\/IMG_4114.jpeg",1320,847,false]},"author_info":{"info":["assessoriadefamosos"]},"category_info":"<a href=\"https:\/\/famatv.com.br\/index.php\/category\/famosos\/\" rel=\"category tag\">Famosos<\/a>","tag_info":"Famosos","comment_count":"0","_links":{"self":[{"href":"https:\/\/famatv.com.br\/index.php\/wp-json\/wp\/v2\/posts\/2789","targetHints":{"allow":["GET"]}}],"collection":[{"href":"https:\/\/famatv.com.br\/index.php\/wp-json\/wp\/v2\/posts"}],"about":[{"href":"https:\/\/famatv.com.br\/index.php\/wp-json\/wp\/v2\/types\/post"}],"author":[{"embeddable":true,"href":"https:\/\/famatv.com.br\/index.php\/wp-json\/wp\/v2\/users\/2"}],"replies":[{"embeddable":true,"href":"https:\/\/famatv.com.br\/index.php\/wp-json\/wp\/v2\/comments?post=2789"}],"version-history":[{"count":1,"href":"https:\/\/famatv.com.br\/index.php\/wp-json\/wp\/v2\/posts\/2789\/revisions"}],"predecessor-version":[{"id":2790,"href":"https:\/\/famatv.com.br\/index.php\/wp-json\/wp\/v2\/posts\/2789\/revisions\/2790"}],"wp:featuredmedia":[{"embeddable":true,"href":"https:\/\/famatv.com.br\/index.php\/wp-json\/wp\/v2\/media\/2788"}],"wp:attachment":[{"href":"https:\/\/famatv.com.br\/index.php\/wp-json\/wp\/v2\/media?parent=2789"}],"wp:term":[{"taxonomy":"category","embeddable":true,"href":"https:\/\/famatv.com.br\/index.php\/wp-json\/wp\/v2\/categories?post=2789"},{"taxonomy":"post_tag","embeddable":true,"href":"https:\/\/famatv.com.br\/index.php\/wp-json\/wp\/v2\/tags?post=2789"}],"curies":[{"name":"wp","href":"https:\/\/api.w.org\/{rel}","templated":true}]}}