{"id":2807,"date":"2026-04-26T14:54:36","date_gmt":"2026-04-26T14:54:36","guid":{"rendered":"https:\/\/famatv.com.br\/?p=2807"},"modified":"2026-04-26T14:54:36","modified_gmt":"2026-04-26T14:54:36","slug":"malvino-salvador-e-kyra-gracie-rejeitam-submissao-no-casamento-e-defendem-igualdade","status":"publish","type":"post","link":"https:\/\/famatv.com.br\/index.php\/2026\/04\/26\/malvino-salvador-e-kyra-gracie-rejeitam-submissao-no-casamento-e-defendem-igualdade\/","title":{"rendered":"Malvino Salvador e Kyra Gracie rejeitam submiss\u00e3o no casamento e defendem igualdade"},"content":{"rendered":"\n<p>O ator Malvino Salvador e a lutadora Kyra Gracie compartilharam nas redes sociais suas vis\u00f5es sobre relacionamento e deixaram claro que n\u00e3o concordam com a ideia de submiss\u00e3o no casamento.<\/p>\n\n\n\n<p>No v\u00eddeo publicado, o casal explicou que conhece o conceito em sua origem religiosa, mas acredita que, na pr\u00e1tica, ele pode abrir espa\u00e7o para interpreta\u00e7\u00f5es que colocam um dos parceiros em posi\u00e7\u00e3o inferior. Para eles, mesmo quando se fala em igualdade, a no\u00e7\u00e3o de hierarquia ainda pode gerar desequil\u00edbrio.<\/p>\n\n\n\n<p>Malvino Salvador destacou que rela\u00e7\u00f5es saud\u00e1veis devem ser constru\u00eddas com base em respeito e troca, sem imposi\u00e7\u00e3o de pap\u00e9is fixos. J\u00e1 Kyra Gracie refor\u00e7ou a import\u00e2ncia de incentivar mulheres a reconhecerem seu valor e estabelecerem limites.<\/p>\n\n\n\n<p>O casal tamb\u00e9m chamou aten\u00e7\u00e3o para sinais sutis de rela\u00e7\u00f5es problem\u00e1ticas, ressaltando que a perda de autonomia e voz pode ser o in\u00edcio de situa\u00e7\u00f5es mais s\u00e9rias.<\/p>\n\n\n\n<p>Para eles, o ideal \u00e9 uma conviv\u00eancia baseada em parceria, di\u00e1logo e equil\u00edbrio, onde ambos caminham lado a lado, sem superioridade de um sobre o outro.<\/p>\n","protected":false},"excerpt":{"rendered":"<p>O ator Malvino Salvador e a lutadora Kyra Gracie compartilharam nas redes sociais suas vis\u00f5es sobre relacionamento e deixaram claro que n\u00e3o concordam com a ideia de submiss\u00e3o no casamento. No v\u00eddeo publicado, o casal explicou que conhece o conceito em sua origem religiosa, mas acredita que, na pr\u00e1tica, ele pode abrir espa\u00e7o para interpreta\u00e7\u00f5es \u2026<\/p>\n","protected":false},"author":2,"featured_media":2806,"comment_status":"closed","ping_status":"open","sticky":false,"template":"","format":"standard","meta":{"footnotes":""},"categories":[32],"tags":[],"class_list":["post-2807","post","type-post","status-publish","format-standard","has-post-thumbnail","hentry","category-famosos"],"featured_image_urls":{"full":["https:\/\/famatv.com.br\/wp-content\/uploads\/2026\/04\/U5Uj8IwO-malvino-salvador-e-kyra-gracie-capa.png",1200,900,false],"thumbnail":["https:\/\/famatv.com.br\/wp-content\/uploads\/2026\/04\/U5Uj8IwO-malvino-salvador-e-kyra-gracie-capa-150x150.png",150,150,true],"medium":["https:\/\/famatv.com.br\/wp-content\/uploads\/2026\/04\/U5Uj8IwO-malvino-salvador-e-kyra-gracie-capa-300x225.png",300,225,true],"medium_large":["https:\/\/famatv.com.br\/wp-content\/uploads\/2026\/04\/U5Uj8IwO-malvino-salvador-e-kyra-gracie-capa-768x576.png",768,576,true],"large":["https:\/\/famatv.com.br\/wp-content\/uploads\/2026\/04\/U5Uj8IwO-malvino-salvador-e-kyra-gracie-capa-1024x768.png",1024,768,true],"1536x1536":["https:\/\/famatv.com.br\/wp-content\/uploads\/2026\/04\/U5Uj8IwO-malvino-salvador-e-kyra-gracie-capa.png",1200,900,false],"2048x2048":["https:\/\/famatv.com.br\/wp-content\/uploads\/2026\/04\/U5Uj8IwO-malvino-salvador-e-kyra-gracie-capa.png",1200,900,false]},"author_info":{"info":["assessoriadefamosos"]},"category_info":"<a href=\"https:\/\/famatv.com.br\/index.php\/category\/famosos\/\" rel=\"category tag\">Famosos<\/a>","tag_info":"Famosos","comment_count":"0","_links":{"self":[{"href":"https:\/\/famatv.com.br\/index.php\/wp-json\/wp\/v2\/posts\/2807","targetHints":{"allow":["GET"]}}],"collection":[{"href":"https:\/\/famatv.com.br\/index.php\/wp-json\/wp\/v2\/posts"}],"about":[{"href":"https:\/\/famatv.com.br\/index.php\/wp-json\/wp\/v2\/types\/post"}],"author":[{"embeddable":true,"href":"https:\/\/famatv.com.br\/index.php\/wp-json\/wp\/v2\/users\/2"}],"replies":[{"embeddable":true,"href":"https:\/\/famatv.com.br\/index.php\/wp-json\/wp\/v2\/comments?post=2807"}],"version-history":[{"count":1,"href":"https:\/\/famatv.com.br\/index.php\/wp-json\/wp\/v2\/posts\/2807\/revisions"}],"predecessor-version":[{"id":2808,"href":"https:\/\/famatv.com.br\/index.php\/wp-json\/wp\/v2\/posts\/2807\/revisions\/2808"}],"wp:featuredmedia":[{"embeddable":true,"href":"https:\/\/famatv.com.br\/index.php\/wp-json\/wp\/v2\/media\/2806"}],"wp:attachment":[{"href":"https:\/\/famatv.com.br\/index.php\/wp-json\/wp\/v2\/media?parent=2807"}],"wp:term":[{"taxonomy":"category","embeddable":true,"href":"https:\/\/famatv.com.br\/index.php\/wp-json\/wp\/v2\/categories?post=2807"},{"taxonomy":"post_tag","embeddable":true,"href":"https:\/\/famatv.com.br\/index.php\/wp-json\/wp\/v2\/tags?post=2807"}],"curies":[{"name":"wp","href":"https:\/\/api.w.org\/{rel}","templated":true}]}}