{"id":2810,"date":"2026-04-26T15:00:41","date_gmt":"2026-04-26T15:00:41","guid":{"rendered":"https:\/\/famatv.com.br\/?p=2810"},"modified":"2026-04-26T15:00:41","modified_gmt":"2026-04-26T15:00:41","slug":"anderson-neiff-e-atingido-por-tiro-apos-show-em-sao-paulo-e-preocupa-fas","status":"publish","type":"post","link":"https:\/\/famatv.com.br\/index.php\/2026\/04\/26\/anderson-neiff-e-atingido-por-tiro-apos-show-em-sao-paulo-e-preocupa-fas\/","title":{"rendered":"Anderson Neiff \u00e9 atingido por tiro ap\u00f3s show em S\u00e3o Paulo e preocupa f\u00e3s"},"content":{"rendered":"\n<p>O cantor Anderson Neiff viveu momentos de tens\u00e3o na madrugada deste domingo (26) ap\u00f3s ser baleado em S\u00e3o Paulo. O artista havia acabado de se apresentar na zona sul da cidade quando o ve\u00edculo em que estava foi alvo de disparos.<\/p>\n\n\n\n<p>Durante o ataque, um dos tiros atingiu as costas do cantor, pr\u00f3ximo ao ombro. Ele foi rapidamente socorrido e encaminhado ao Hospital S\u00edrio-Liban\u00eas, onde precisou passar por cirurgia.<\/p>\n\n\n\n<p>A equipe de Anderson Neiff compartilhou informa\u00e7\u00f5es nas redes sociais e pediu apoio dos f\u00e3s neste momento delicado. Apesar do susto, outras pessoas que estavam na van n\u00e3o ficaram feridas.<\/p>\n\n\n\n<p>Conhecido por seu estilo irreverente no brega funk e por participa\u00e7\u00f5es em projetos como o Rancho do Maia, o cantor mobilizou uma corrente de mensagens positivas na internet.<\/p>\n\n\n\n<p>At\u00e9 o momento, n\u00e3o foram divulgados detalhes atualizados sobre seu estado de sa\u00fade, e o caso segue repercutindo entre seguidores e f\u00e3s do artista.<\/p>\n","protected":false},"excerpt":{"rendered":"<p>O cantor Anderson Neiff viveu momentos de tens\u00e3o na madrugada deste domingo (26) ap\u00f3s ser baleado em S\u00e3o Paulo. O artista havia acabado de se apresentar na zona sul da cidade quando o ve\u00edculo em que estava foi alvo de disparos. Durante o ataque, um dos tiros atingiu as costas do cantor, pr\u00f3ximo ao ombro. \u2026<\/p>\n","protected":false},"author":2,"featured_media":2809,"comment_status":"closed","ping_status":"open","sticky":false,"template":"","format":"standard","meta":{"footnotes":""},"categories":[32],"tags":[],"class_list":["post-2810","post","type-post","status-publish","format-standard","has-post-thumbnail","hentry","category-famosos"],"featured_image_urls":{"full":["https:\/\/famatv.com.br\/wp-content\/uploads\/2026\/04\/6H0f46ST-Backup-Capa-2-fotos.png",1200,900,false],"thumbnail":["https:\/\/famatv.com.br\/wp-content\/uploads\/2026\/04\/6H0f46ST-Backup-Capa-2-fotos-150x150.png",150,150,true],"medium":["https:\/\/famatv.com.br\/wp-content\/uploads\/2026\/04\/6H0f46ST-Backup-Capa-2-fotos-300x225.png",300,225,true],"medium_large":["https:\/\/famatv.com.br\/wp-content\/uploads\/2026\/04\/6H0f46ST-Backup-Capa-2-fotos-768x576.png",768,576,true],"large":["https:\/\/famatv.com.br\/wp-content\/uploads\/2026\/04\/6H0f46ST-Backup-Capa-2-fotos-1024x768.png",1024,768,true],"1536x1536":["https:\/\/famatv.com.br\/wp-content\/uploads\/2026\/04\/6H0f46ST-Backup-Capa-2-fotos.png",1200,900,false],"2048x2048":["https:\/\/famatv.com.br\/wp-content\/uploads\/2026\/04\/6H0f46ST-Backup-Capa-2-fotos.png",1200,900,false]},"author_info":{"info":["assessoriadefamosos"]},"category_info":"<a href=\"https:\/\/famatv.com.br\/index.php\/category\/famosos\/\" rel=\"category tag\">Famosos<\/a>","tag_info":"Famosos","comment_count":"0","_links":{"self":[{"href":"https:\/\/famatv.com.br\/index.php\/wp-json\/wp\/v2\/posts\/2810","targetHints":{"allow":["GET"]}}],"collection":[{"href":"https:\/\/famatv.com.br\/index.php\/wp-json\/wp\/v2\/posts"}],"about":[{"href":"https:\/\/famatv.com.br\/index.php\/wp-json\/wp\/v2\/types\/post"}],"author":[{"embeddable":true,"href":"https:\/\/famatv.com.br\/index.php\/wp-json\/wp\/v2\/users\/2"}],"replies":[{"embeddable":true,"href":"https:\/\/famatv.com.br\/index.php\/wp-json\/wp\/v2\/comments?post=2810"}],"version-history":[{"count":1,"href":"https:\/\/famatv.com.br\/index.php\/wp-json\/wp\/v2\/posts\/2810\/revisions"}],"predecessor-version":[{"id":2811,"href":"https:\/\/famatv.com.br\/index.php\/wp-json\/wp\/v2\/posts\/2810\/revisions\/2811"}],"wp:featuredmedia":[{"embeddable":true,"href":"https:\/\/famatv.com.br\/index.php\/wp-json\/wp\/v2\/media\/2809"}],"wp:attachment":[{"href":"https:\/\/famatv.com.br\/index.php\/wp-json\/wp\/v2\/media?parent=2810"}],"wp:term":[{"taxonomy":"category","embeddable":true,"href":"https:\/\/famatv.com.br\/index.php\/wp-json\/wp\/v2\/categories?post=2810"},{"taxonomy":"post_tag","embeddable":true,"href":"https:\/\/famatv.com.br\/index.php\/wp-json\/wp\/v2\/tags?post=2810"}],"curies":[{"name":"wp","href":"https:\/\/api.w.org\/{rel}","templated":true}]}}