{"id":2813,"date":"2026-04-26T15:05:09","date_gmt":"2026-04-26T15:05:09","guid":{"rendered":"https:\/\/famatv.com.br\/?p=2813"},"modified":"2026-04-26T15:05:09","modified_gmt":"2026-04-26T15:05:09","slug":"amanda-meirelles-inicia-nova-etapa-na-tv-com-programa-sobre-saude-na-record-news","status":"publish","type":"post","link":"https:\/\/famatv.com.br\/index.php\/2026\/04\/26\/amanda-meirelles-inicia-nova-etapa-na-tv-com-programa-sobre-saude-na-record-news\/","title":{"rendered":"Amanda Meirelles inicia nova etapa na TV com programa sobre sa\u00fade na Record News"},"content":{"rendered":"\n<p>A vencedora do BBB23, Amanda Meirelles, est\u00e1 de volta \u00e0 televis\u00e3o em um novo desafio profissional. A m\u00e9dica estreia como apresentadora do programa \u201cFala Doutor\u201d, que ser\u00e1 exibido pela Record News a partir do dia 10 de maio.<\/p>\n\n\n\n<p>Com foco em sa\u00fade e bem-estar, a atra\u00e7\u00e3o aposta em uma linguagem simples para aproximar o p\u00fablico de temas importantes do cotidiano. A proposta \u00e9 tornar conte\u00fados t\u00e9cnicos mais acess\u00edveis, ajudando os telespectadores a entender melhor quest\u00f5es relacionadas ao corpo e \u00e0 qualidade de vida.<\/p>\n\n\n\n<p>No comando do programa, Amanda Meirelles vai mediar conversas com especialistas de diversas \u00e1reas, trazendo informa\u00e7\u00f5es confi\u00e1veis e esclarecendo d\u00favidas comuns.<\/p>\n\n\n\n<p>A nova fase marca a consolida\u00e7\u00e3o da ex-BBB como comunicadora, unindo sua forma\u00e7\u00e3o na \u00e1rea da sa\u00fade com a experi\u00eancia adquirida nas redes sociais, onde j\u00e1 produzia conte\u00fados informativos.<\/p>\n\n\n\n<p>Animada com o projeto, ela afirma que a miss\u00e3o \u00e9 levar conhecimento de forma leve e \u00fatil, contribuindo para que o p\u00fablico fa\u00e7a escolhas mais conscientes no dia a dia.<\/p>\n","protected":false},"excerpt":{"rendered":"<p>A vencedora do BBB23, Amanda Meirelles, est\u00e1 de volta \u00e0 televis\u00e3o em um novo desafio profissional. A m\u00e9dica estreia como apresentadora do programa \u201cFala Doutor\u201d, que ser\u00e1 exibido pela Record News a partir do dia 10 de maio. Com foco em sa\u00fade e bem-estar, a atra\u00e7\u00e3o aposta em uma linguagem simples para aproximar o p\u00fablico \u2026<\/p>\n","protected":false},"author":2,"featured_media":2812,"comment_status":"closed","ping_status":"open","sticky":false,"template":"","format":"standard","meta":{"footnotes":""},"categories":[32],"tags":[],"class_list":["post-2813","post","type-post","status-publish","format-standard","has-post-thumbnail","hentry","category-famosos"],"featured_image_urls":{"full":["https:\/\/famatv.com.br\/wp-content\/uploads\/2026\/04\/Nova-fase-Campea-do-BBB23-Amanda-Meirelles-estreia-programa-na-Record-News.jpg",1200,900,false],"thumbnail":["https:\/\/famatv.com.br\/wp-content\/uploads\/2026\/04\/Nova-fase-Campea-do-BBB23-Amanda-Meirelles-estreia-programa-na-Record-News-150x150.jpg",150,150,true],"medium":["https:\/\/famatv.com.br\/wp-content\/uploads\/2026\/04\/Nova-fase-Campea-do-BBB23-Amanda-Meirelles-estreia-programa-na-Record-News-300x225.jpg",300,225,true],"medium_large":["https:\/\/famatv.com.br\/wp-content\/uploads\/2026\/04\/Nova-fase-Campea-do-BBB23-Amanda-Meirelles-estreia-programa-na-Record-News-768x576.jpg",768,576,true],"large":["https:\/\/famatv.com.br\/wp-content\/uploads\/2026\/04\/Nova-fase-Campea-do-BBB23-Amanda-Meirelles-estreia-programa-na-Record-News-1024x768.jpg",1024,768,true],"1536x1536":["https:\/\/famatv.com.br\/wp-content\/uploads\/2026\/04\/Nova-fase-Campea-do-BBB23-Amanda-Meirelles-estreia-programa-na-Record-News.jpg",1200,900,false],"2048x2048":["https:\/\/famatv.com.br\/wp-content\/uploads\/2026\/04\/Nova-fase-Campea-do-BBB23-Amanda-Meirelles-estreia-programa-na-Record-News.jpg",1200,900,false]},"author_info":{"info":["assessoriadefamosos"]},"category_info":"<a href=\"https:\/\/famatv.com.br\/index.php\/category\/famosos\/\" rel=\"category tag\">Famosos<\/a>","tag_info":"Famosos","comment_count":"0","_links":{"self":[{"href":"https:\/\/famatv.com.br\/index.php\/wp-json\/wp\/v2\/posts\/2813","targetHints":{"allow":["GET"]}}],"collection":[{"href":"https:\/\/famatv.com.br\/index.php\/wp-json\/wp\/v2\/posts"}],"about":[{"href":"https:\/\/famatv.com.br\/index.php\/wp-json\/wp\/v2\/types\/post"}],"author":[{"embeddable":true,"href":"https:\/\/famatv.com.br\/index.php\/wp-json\/wp\/v2\/users\/2"}],"replies":[{"embeddable":true,"href":"https:\/\/famatv.com.br\/index.php\/wp-json\/wp\/v2\/comments?post=2813"}],"version-history":[{"count":1,"href":"https:\/\/famatv.com.br\/index.php\/wp-json\/wp\/v2\/posts\/2813\/revisions"}],"predecessor-version":[{"id":2814,"href":"https:\/\/famatv.com.br\/index.php\/wp-json\/wp\/v2\/posts\/2813\/revisions\/2814"}],"wp:featuredmedia":[{"embeddable":true,"href":"https:\/\/famatv.com.br\/index.php\/wp-json\/wp\/v2\/media\/2812"}],"wp:attachment":[{"href":"https:\/\/famatv.com.br\/index.php\/wp-json\/wp\/v2\/media?parent=2813"}],"wp:term":[{"taxonomy":"category","embeddable":true,"href":"https:\/\/famatv.com.br\/index.php\/wp-json\/wp\/v2\/categories?post=2813"},{"taxonomy":"post_tag","embeddable":true,"href":"https:\/\/famatv.com.br\/index.php\/wp-json\/wp\/v2\/tags?post=2813"}],"curies":[{"name":"wp","href":"https:\/\/api.w.org\/{rel}","templated":true}]}}