{"id":2819,"date":"2026-04-26T15:15:21","date_gmt":"2026-04-26T15:15:21","guid":{"rendered":"https:\/\/famatv.com.br\/?p=2819"},"modified":"2026-04-26T15:15:21","modified_gmt":"2026-04-26T15:15:21","slug":"margareth-serrao-exibe-nova-aparencia-apos-cirurgias-e-recebe-chuva-de-elogios","status":"publish","type":"post","link":"https:\/\/famatv.com.br\/index.php\/2026\/04\/26\/margareth-serrao-exibe-nova-aparencia-apos-cirurgias-e-recebe-chuva-de-elogios\/","title":{"rendered":"Margareth Serr\u00e3o exibe nova apar\u00eancia ap\u00f3s cirurgias e recebe chuva de elogios"},"content":{"rendered":"\n<p>A influenciadora Margareth Serr\u00e3o, m\u00e3e de Virginia Fonseca, voltou a chamar aten\u00e7\u00e3o nas redes sociais ao mostrar o resultado de sua transforma\u00e7\u00e3o est\u00e9tica.<\/p>\n\n\n\n<p>Aos 60 anos, Margareth apareceu em fotos usando um vestido curto e decotado, exibindo o novo visual e recebendo uma s\u00e9rie de elogios dos seguidores, que destacaram sua autoestima e mudan\u00e7a de estilo.<\/p>\n\n\n\n<p>A influenciadora passou recentemente por um conjunto de procedimentos est\u00e9ticos que envolveram diferentes \u00e1reas do corpo, como bra\u00e7os, abd\u00f4men, seios, gl\u00fateos e rosto. Segundo ela, a decis\u00e3o foi tomada ap\u00f3s um per\u00edodo de planejamento e mudan\u00e7as pessoais.<\/p>\n\n\n\n<p>Margareth Serr\u00e3o j\u00e1 havia comentado que buscava se sentir mais satisfeita com o pr\u00f3prio corpo e que a transforma\u00e7\u00e3o marcou uma nova fase em sua vida.<\/p>\n\n\n\n<p>A repercuss\u00e3o nas redes foi imediata, com internautas elogiando o resultado e destacando a mudan\u00e7a na confian\u00e7a da influenciadora.<\/p>\n","protected":false},"excerpt":{"rendered":"<p>A influenciadora Margareth Serr\u00e3o, m\u00e3e de Virginia Fonseca, voltou a chamar aten\u00e7\u00e3o nas redes sociais ao mostrar o resultado de sua transforma\u00e7\u00e3o est\u00e9tica. Aos 60 anos, Margareth apareceu em fotos usando um vestido curto e decotado, exibindo o novo visual e recebendo uma s\u00e9rie de elogios dos seguidores, que destacaram sua autoestima e mudan\u00e7a de \u2026<\/p>\n","protected":false},"author":2,"featured_media":2818,"comment_status":"closed","ping_status":"open","sticky":false,"template":"","format":"standard","meta":{"footnotes":""},"categories":[32],"tags":[],"class_list":["post-2819","post","type-post","status-publish","format-standard","has-post-thumbnail","hentry","category-famosos"],"featured_image_urls":{"full":["https:\/\/famatv.com.br\/wp-content\/uploads\/2026\/04\/vWtgbJJ5-Backup-Capa-2-fotos.png",1200,900,false],"thumbnail":["https:\/\/famatv.com.br\/wp-content\/uploads\/2026\/04\/vWtgbJJ5-Backup-Capa-2-fotos-150x150.png",150,150,true],"medium":["https:\/\/famatv.com.br\/wp-content\/uploads\/2026\/04\/vWtgbJJ5-Backup-Capa-2-fotos-300x225.png",300,225,true],"medium_large":["https:\/\/famatv.com.br\/wp-content\/uploads\/2026\/04\/vWtgbJJ5-Backup-Capa-2-fotos-768x576.png",768,576,true],"large":["https:\/\/famatv.com.br\/wp-content\/uploads\/2026\/04\/vWtgbJJ5-Backup-Capa-2-fotos-1024x768.png",1024,768,true],"1536x1536":["https:\/\/famatv.com.br\/wp-content\/uploads\/2026\/04\/vWtgbJJ5-Backup-Capa-2-fotos.png",1200,900,false],"2048x2048":["https:\/\/famatv.com.br\/wp-content\/uploads\/2026\/04\/vWtgbJJ5-Backup-Capa-2-fotos.png",1200,900,false]},"author_info":{"info":["assessoriadefamosos"]},"category_info":"<a href=\"https:\/\/famatv.com.br\/index.php\/category\/famosos\/\" rel=\"category tag\">Famosos<\/a>","tag_info":"Famosos","comment_count":"0","_links":{"self":[{"href":"https:\/\/famatv.com.br\/index.php\/wp-json\/wp\/v2\/posts\/2819","targetHints":{"allow":["GET"]}}],"collection":[{"href":"https:\/\/famatv.com.br\/index.php\/wp-json\/wp\/v2\/posts"}],"about":[{"href":"https:\/\/famatv.com.br\/index.php\/wp-json\/wp\/v2\/types\/post"}],"author":[{"embeddable":true,"href":"https:\/\/famatv.com.br\/index.php\/wp-json\/wp\/v2\/users\/2"}],"replies":[{"embeddable":true,"href":"https:\/\/famatv.com.br\/index.php\/wp-json\/wp\/v2\/comments?post=2819"}],"version-history":[{"count":1,"href":"https:\/\/famatv.com.br\/index.php\/wp-json\/wp\/v2\/posts\/2819\/revisions"}],"predecessor-version":[{"id":2820,"href":"https:\/\/famatv.com.br\/index.php\/wp-json\/wp\/v2\/posts\/2819\/revisions\/2820"}],"wp:featuredmedia":[{"embeddable":true,"href":"https:\/\/famatv.com.br\/index.php\/wp-json\/wp\/v2\/media\/2818"}],"wp:attachment":[{"href":"https:\/\/famatv.com.br\/index.php\/wp-json\/wp\/v2\/media?parent=2819"}],"wp:term":[{"taxonomy":"category","embeddable":true,"href":"https:\/\/famatv.com.br\/index.php\/wp-json\/wp\/v2\/categories?post=2819"},{"taxonomy":"post_tag","embeddable":true,"href":"https:\/\/famatv.com.br\/index.php\/wp-json\/wp\/v2\/tags?post=2819"}],"curies":[{"name":"wp","href":"https:\/\/api.w.org\/{rel}","templated":true}]}}