{"id":2822,"date":"2026-04-26T15:19:17","date_gmt":"2026-04-26T15:19:17","guid":{"rendered":"https:\/\/famatv.com.br\/?p=2822"},"modified":"2026-04-26T15:19:17","modified_gmt":"2026-04-26T15:19:17","slug":"maira-cardi-relata-susto-com-filhas-doentes-durante-viagem-aos-estados-unidos","status":"publish","type":"post","link":"https:\/\/famatv.com.br\/index.php\/2026\/04\/26\/maira-cardi-relata-susto-com-filhas-doentes-durante-viagem-aos-estados-unidos\/","title":{"rendered":"Ma\u00edra Cardi relata susto com filhas doentes durante viagem aos Estados Unidos"},"content":{"rendered":"\n<p>A influenciadora Ma\u00edra Cardi compartilhou com seguidores um momento de preocupa\u00e7\u00e3o vivido durante uma viagem em fam\u00edlia aos Estados Unidos. As filhas Sophia, de 7 anos, e Eloah, de 6 meses, ficaram doentes enquanto estavam no pa\u00eds.<\/p>\n\n\n\n<p>Em relato nas redes sociais, Ma\u00edra explicou que o estado de sa\u00fade das duas acabou se agravando em determinado momento, o que aumentou a tens\u00e3o durante a viagem. Segundo ela, ambas apresentaram sintomas mais fortes e precisaram de acompanhamento m\u00e9dico.<\/p>\n\n\n\n<p>Ma\u00edra Cardi contou que buscou atendimento para as filhas e que, ap\u00f3s cuidados especializados, as meninas come\u00e7aram a apresentar melhora e ficaram mais est\u00e1veis.<\/p>\n\n\n\n<p>A influenciadora desabafou sobre a dificuldade emocional de lidar com a situa\u00e7\u00e3o longe de casa, destacando a ang\u00fastia que sentiu ao ver as filhas passando mal durante a viagem.<\/p>\n\n\n\n<p>Al\u00e9m de Sophia e Eloah, Ma\u00edra tamb\u00e9m \u00e9 m\u00e3e de Lucas, de 24 anos. O epis\u00f3dio refor\u00e7ou sua preocupa\u00e7\u00e3o com a sa\u00fade dos filhos, especialmente em deslocamentos internacionais.<\/p>\n","protected":false},"excerpt":{"rendered":"<p>A influenciadora Ma\u00edra Cardi compartilhou com seguidores um momento de preocupa\u00e7\u00e3o vivido durante uma viagem em fam\u00edlia aos Estados Unidos. As filhas Sophia, de 7 anos, e Eloah, de 6 meses, ficaram doentes enquanto estavam no pa\u00eds. Em relato nas redes sociais, Ma\u00edra explicou que o estado de sa\u00fade das duas acabou se agravando em \u2026<\/p>\n","protected":false},"author":2,"featured_media":2821,"comment_status":"closed","ping_status":"open","sticky":false,"template":"","format":"standard","meta":{"footnotes":""},"categories":[32],"tags":[],"class_list":["post-2822","post","type-post","status-publish","format-standard","has-post-thumbnail","hentry","category-famosos"],"featured_image_urls":{"full":["https:\/\/famatv.com.br\/wp-content\/uploads\/2026\/04\/BQRFAEBG-Maira-Cardi-.jpg",1200,900,false],"thumbnail":["https:\/\/famatv.com.br\/wp-content\/uploads\/2026\/04\/BQRFAEBG-Maira-Cardi--150x150.jpg",150,150,true],"medium":["https:\/\/famatv.com.br\/wp-content\/uploads\/2026\/04\/BQRFAEBG-Maira-Cardi--300x225.jpg",300,225,true],"medium_large":["https:\/\/famatv.com.br\/wp-content\/uploads\/2026\/04\/BQRFAEBG-Maira-Cardi--768x576.jpg",768,576,true],"large":["https:\/\/famatv.com.br\/wp-content\/uploads\/2026\/04\/BQRFAEBG-Maira-Cardi--1024x768.jpg",1024,768,true],"1536x1536":["https:\/\/famatv.com.br\/wp-content\/uploads\/2026\/04\/BQRFAEBG-Maira-Cardi-.jpg",1200,900,false],"2048x2048":["https:\/\/famatv.com.br\/wp-content\/uploads\/2026\/04\/BQRFAEBG-Maira-Cardi-.jpg",1200,900,false]},"author_info":{"info":["assessoriadefamosos"]},"category_info":"<a href=\"https:\/\/famatv.com.br\/index.php\/category\/famosos\/\" rel=\"category tag\">Famosos<\/a>","tag_info":"Famosos","comment_count":"0","_links":{"self":[{"href":"https:\/\/famatv.com.br\/index.php\/wp-json\/wp\/v2\/posts\/2822","targetHints":{"allow":["GET"]}}],"collection":[{"href":"https:\/\/famatv.com.br\/index.php\/wp-json\/wp\/v2\/posts"}],"about":[{"href":"https:\/\/famatv.com.br\/index.php\/wp-json\/wp\/v2\/types\/post"}],"author":[{"embeddable":true,"href":"https:\/\/famatv.com.br\/index.php\/wp-json\/wp\/v2\/users\/2"}],"replies":[{"embeddable":true,"href":"https:\/\/famatv.com.br\/index.php\/wp-json\/wp\/v2\/comments?post=2822"}],"version-history":[{"count":1,"href":"https:\/\/famatv.com.br\/index.php\/wp-json\/wp\/v2\/posts\/2822\/revisions"}],"predecessor-version":[{"id":2823,"href":"https:\/\/famatv.com.br\/index.php\/wp-json\/wp\/v2\/posts\/2822\/revisions\/2823"}],"wp:featuredmedia":[{"embeddable":true,"href":"https:\/\/famatv.com.br\/index.php\/wp-json\/wp\/v2\/media\/2821"}],"wp:attachment":[{"href":"https:\/\/famatv.com.br\/index.php\/wp-json\/wp\/v2\/media?parent=2822"}],"wp:term":[{"taxonomy":"category","embeddable":true,"href":"https:\/\/famatv.com.br\/index.php\/wp-json\/wp\/v2\/categories?post=2822"},{"taxonomy":"post_tag","embeddable":true,"href":"https:\/\/famatv.com.br\/index.php\/wp-json\/wp\/v2\/tags?post=2822"}],"curies":[{"name":"wp","href":"https:\/\/api.w.org\/{rel}","templated":true}]}}