{"id":2825,"date":"2026-04-26T15:23:30","date_gmt":"2026-04-26T15:23:30","guid":{"rendered":"https:\/\/famatv.com.br\/?p=2825"},"modified":"2026-04-26T15:23:30","modified_gmt":"2026-04-26T15:23:30","slug":"sheila-mello-abre-o-jogo-sobre-envelhecer-e-diz-que-medo-nao-e-da-aparencia","status":"publish","type":"post","link":"https:\/\/famatv.com.br\/index.php\/2026\/04\/26\/sheila-mello-abre-o-jogo-sobre-envelhecer-e-diz-que-medo-nao-e-da-aparencia\/","title":{"rendered":"Sheila Mello abre o jogo sobre envelhecer e diz que medo n\u00e3o \u00e9 da apar\u00eancia"},"content":{"rendered":"\n<p>A dan\u00e7arina Sheila Mello falou nas redes sociais sobre o envelhecimento e chamou aten\u00e7\u00e3o ao revelar que sente certo receio dessa fase da vida, mas por um motivo que vai al\u00e9m da est\u00e9tica.<\/p>\n\n\n\n<p>Aos 47 anos, ela explicou que o medo n\u00e3o est\u00e1 ligado a rugas ou apar\u00eancia f\u00edsica, e sim \u00e0s mudan\u00e7as naturais que v\u00eam com o passar do tempo e \u00e0 forma como isso impacta a rotina e a percep\u00e7\u00e3o de vida.<\/p>\n\n\n\n<p>Sheila Mello destacou ainda que enxerga uma nova mentalidade em rela\u00e7\u00e3o \u00e0 idade, afirmando que sua gera\u00e7\u00e3o ajudou a quebrar a ideia de que envelhecer significa desacelerar ou parar de viver ativamente.<\/p>\n\n\n\n<p>A artista tamb\u00e9m comentou que sua trajet\u00f3ria profissional contribuiu para manter h\u00e1bitos saud\u00e1veis, j\u00e1 que sempre precisou de condicionamento f\u00edsico para performances no palco.<\/p>\n\n\n\n<p>Mesmo com as reflex\u00f5es, Sheila afirmou que encara o envelhecimento como um processo natural e busca priorizar sa\u00fade, equil\u00edbrio e qualidade de vida.<\/p>\n","protected":false},"excerpt":{"rendered":"<p>A dan\u00e7arina Sheila Mello falou nas redes sociais sobre o envelhecimento e chamou aten\u00e7\u00e3o ao revelar que sente certo receio dessa fase da vida, mas por um motivo que vai al\u00e9m da est\u00e9tica. Aos 47 anos, ela explicou que o medo n\u00e3o est\u00e1 ligado a rugas ou apar\u00eancia f\u00edsica, e sim \u00e0s mudan\u00e7as naturais que \u2026<\/p>\n","protected":false},"author":2,"featured_media":2824,"comment_status":"closed","ping_status":"open","sticky":false,"template":"","format":"standard","meta":{"footnotes":""},"categories":[32],"tags":[],"class_list":["post-2825","post","type-post","status-publish","format-standard","has-post-thumbnail","hentry","category-famosos"],"featured_image_urls":{"full":["https:\/\/famatv.com.br\/wp-content\/uploads\/2026\/04\/sheila-mello-fala-sobre-estar-confortavel-com-a-propria-pele-1742074311997_v2_900x506.jpg.webp",900,506,false],"thumbnail":["https:\/\/famatv.com.br\/wp-content\/uploads\/2026\/04\/sheila-mello-fala-sobre-estar-confortavel-com-a-propria-pele-1742074311997_v2_900x506.jpg-150x150.webp",150,150,true],"medium":["https:\/\/famatv.com.br\/wp-content\/uploads\/2026\/04\/sheila-mello-fala-sobre-estar-confortavel-com-a-propria-pele-1742074311997_v2_900x506.jpg-300x169.webp",300,169,true],"medium_large":["https:\/\/famatv.com.br\/wp-content\/uploads\/2026\/04\/sheila-mello-fala-sobre-estar-confortavel-com-a-propria-pele-1742074311997_v2_900x506.jpg-768x432.webp",768,432,true],"large":["https:\/\/famatv.com.br\/wp-content\/uploads\/2026\/04\/sheila-mello-fala-sobre-estar-confortavel-com-a-propria-pele-1742074311997_v2_900x506.jpg.webp",900,506,false],"1536x1536":["https:\/\/famatv.com.br\/wp-content\/uploads\/2026\/04\/sheila-mello-fala-sobre-estar-confortavel-com-a-propria-pele-1742074311997_v2_900x506.jpg.webp",900,506,false],"2048x2048":["https:\/\/famatv.com.br\/wp-content\/uploads\/2026\/04\/sheila-mello-fala-sobre-estar-confortavel-com-a-propria-pele-1742074311997_v2_900x506.jpg.webp",900,506,false]},"author_info":{"info":["assessoriadefamosos"]},"category_info":"<a href=\"https:\/\/famatv.com.br\/index.php\/category\/famosos\/\" rel=\"category tag\">Famosos<\/a>","tag_info":"Famosos","comment_count":"0","_links":{"self":[{"href":"https:\/\/famatv.com.br\/index.php\/wp-json\/wp\/v2\/posts\/2825","targetHints":{"allow":["GET"]}}],"collection":[{"href":"https:\/\/famatv.com.br\/index.php\/wp-json\/wp\/v2\/posts"}],"about":[{"href":"https:\/\/famatv.com.br\/index.php\/wp-json\/wp\/v2\/types\/post"}],"author":[{"embeddable":true,"href":"https:\/\/famatv.com.br\/index.php\/wp-json\/wp\/v2\/users\/2"}],"replies":[{"embeddable":true,"href":"https:\/\/famatv.com.br\/index.php\/wp-json\/wp\/v2\/comments?post=2825"}],"version-history":[{"count":1,"href":"https:\/\/famatv.com.br\/index.php\/wp-json\/wp\/v2\/posts\/2825\/revisions"}],"predecessor-version":[{"id":2826,"href":"https:\/\/famatv.com.br\/index.php\/wp-json\/wp\/v2\/posts\/2825\/revisions\/2826"}],"wp:featuredmedia":[{"embeddable":true,"href":"https:\/\/famatv.com.br\/index.php\/wp-json\/wp\/v2\/media\/2824"}],"wp:attachment":[{"href":"https:\/\/famatv.com.br\/index.php\/wp-json\/wp\/v2\/media?parent=2825"}],"wp:term":[{"taxonomy":"category","embeddable":true,"href":"https:\/\/famatv.com.br\/index.php\/wp-json\/wp\/v2\/categories?post=2825"},{"taxonomy":"post_tag","embeddable":true,"href":"https:\/\/famatv.com.br\/index.php\/wp-json\/wp\/v2\/tags?post=2825"}],"curies":[{"name":"wp","href":"https:\/\/api.w.org\/{rel}","templated":true}]}}