{"id":2831,"date":"2026-04-26T15:32:32","date_gmt":"2026-04-26T15:32:32","guid":{"rendered":"https:\/\/famatv.com.br\/?p=2831"},"modified":"2026-04-26T15:32:32","modified_gmt":"2026-04-26T15:32:32","slug":"ana-castela-brinca-sobre-futuro-fora-dos-palcos-e-diz-que-quer-virar-fazendeira","status":"publish","type":"post","link":"https:\/\/famatv.com.br\/index.php\/2026\/04\/26\/ana-castela-brinca-sobre-futuro-fora-dos-palcos-e-diz-que-quer-virar-fazendeira\/","title":{"rendered":"Ana Castela brinca sobre futuro fora dos palcos e diz que quer virar fazendeira"},"content":{"rendered":"\n<p>A cantora Ana Castela divertiu o p\u00fablico ao comentar, em tom de brincadeira, que pode dar uma pausa na carreira musical no futuro para se dedicar \u00e0 vida no campo.<\/p>\n\n\n\n<p>A fala foi feita durante participa\u00e7\u00e3o no programa Altas Horas, quando a artista afirmou que se imagina vivendo na fazenda e brincou dizendo que \u201cviraria fazendeira\u201d em alguns anos.<\/p>\n\n\n\n<p>Ana Castela contou que tem forte liga\u00e7\u00e3o com o ambiente rural e que gosta da rotina no campo, mas refor\u00e7ou o tom descontra\u00eddo da declara\u00e7\u00e3o, deixando claro que se trata de uma ideia futura e sem decis\u00f5es definidas.<\/p>\n\n\n\n<p>A cantora possui propriedades no interior e j\u00e1 mostrou em outras ocasi\u00f5es sua conex\u00e3o com a vida no agroneg\u00f3cio, que inspira parte de sua identidade art\u00edstica.<\/p>\n\n\n\n<p>Apesar da repercuss\u00e3o, a equipe da artista destacou que a fala foi apenas uma brincadeira e que Ana Castela segue com sua agenda de shows e novos projetos na m\u00fasica sertaneja.<\/p>\n","protected":false},"excerpt":{"rendered":"<p>A cantora Ana Castela divertiu o p\u00fablico ao comentar, em tom de brincadeira, que pode dar uma pausa na carreira musical no futuro para se dedicar \u00e0 vida no campo. A fala foi feita durante participa\u00e7\u00e3o no programa Altas Horas, quando a artista afirmou que se imagina vivendo na fazenda e brincou dizendo que \u201cviraria \u2026<\/p>\n","protected":false},"author":2,"featured_media":2830,"comment_status":"closed","ping_status":"open","sticky":false,"template":"","format":"standard","meta":{"footnotes":""},"categories":[32],"tags":[],"class_list":["post-2831","post","type-post","status-publish","format-standard","has-post-thumbnail","hentry","category-famosos"],"featured_image_urls":{"full":["https:\/\/famatv.com.br\/wp-content\/uploads\/2026\/04\/ana-castela-falou-de-planos-de-desacelerar-carreira-no-altas-horas-1777203049183_v2_900x506.png.webp",900,506,false],"thumbnail":["https:\/\/famatv.com.br\/wp-content\/uploads\/2026\/04\/ana-castela-falou-de-planos-de-desacelerar-carreira-no-altas-horas-1777203049183_v2_900x506.png-150x150.webp",150,150,true],"medium":["https:\/\/famatv.com.br\/wp-content\/uploads\/2026\/04\/ana-castela-falou-de-planos-de-desacelerar-carreira-no-altas-horas-1777203049183_v2_900x506.png-300x169.webp",300,169,true],"medium_large":["https:\/\/famatv.com.br\/wp-content\/uploads\/2026\/04\/ana-castela-falou-de-planos-de-desacelerar-carreira-no-altas-horas-1777203049183_v2_900x506.png-768x432.webp",768,432,true],"large":["https:\/\/famatv.com.br\/wp-content\/uploads\/2026\/04\/ana-castela-falou-de-planos-de-desacelerar-carreira-no-altas-horas-1777203049183_v2_900x506.png.webp",900,506,false],"1536x1536":["https:\/\/famatv.com.br\/wp-content\/uploads\/2026\/04\/ana-castela-falou-de-planos-de-desacelerar-carreira-no-altas-horas-1777203049183_v2_900x506.png.webp",900,506,false],"2048x2048":["https:\/\/famatv.com.br\/wp-content\/uploads\/2026\/04\/ana-castela-falou-de-planos-de-desacelerar-carreira-no-altas-horas-1777203049183_v2_900x506.png.webp",900,506,false]},"author_info":{"info":["assessoriadefamosos"]},"category_info":"<a href=\"https:\/\/famatv.com.br\/index.php\/category\/famosos\/\" rel=\"category tag\">Famosos<\/a>","tag_info":"Famosos","comment_count":"0","_links":{"self":[{"href":"https:\/\/famatv.com.br\/index.php\/wp-json\/wp\/v2\/posts\/2831","targetHints":{"allow":["GET"]}}],"collection":[{"href":"https:\/\/famatv.com.br\/index.php\/wp-json\/wp\/v2\/posts"}],"about":[{"href":"https:\/\/famatv.com.br\/index.php\/wp-json\/wp\/v2\/types\/post"}],"author":[{"embeddable":true,"href":"https:\/\/famatv.com.br\/index.php\/wp-json\/wp\/v2\/users\/2"}],"replies":[{"embeddable":true,"href":"https:\/\/famatv.com.br\/index.php\/wp-json\/wp\/v2\/comments?post=2831"}],"version-history":[{"count":1,"href":"https:\/\/famatv.com.br\/index.php\/wp-json\/wp\/v2\/posts\/2831\/revisions"}],"predecessor-version":[{"id":2832,"href":"https:\/\/famatv.com.br\/index.php\/wp-json\/wp\/v2\/posts\/2831\/revisions\/2832"}],"wp:featuredmedia":[{"embeddable":true,"href":"https:\/\/famatv.com.br\/index.php\/wp-json\/wp\/v2\/media\/2830"}],"wp:attachment":[{"href":"https:\/\/famatv.com.br\/index.php\/wp-json\/wp\/v2\/media?parent=2831"}],"wp:term":[{"taxonomy":"category","embeddable":true,"href":"https:\/\/famatv.com.br\/index.php\/wp-json\/wp\/v2\/categories?post=2831"},{"taxonomy":"post_tag","embeddable":true,"href":"https:\/\/famatv.com.br\/index.php\/wp-json\/wp\/v2\/tags?post=2831"}],"curies":[{"name":"wp","href":"https:\/\/api.w.org\/{rel}","templated":true}]}}