{"id":2837,"date":"2026-04-26T20:07:41","date_gmt":"2026-04-26T20:07:41","guid":{"rendered":"https:\/\/famatv.com.br\/?p=2837"},"modified":"2026-04-26T20:07:41","modified_gmt":"2026-04-26T20:07:41","slug":"toguro-entra-em-contato-nega-indireta-a-irmao-de-buzeira-e-diz-que-publicacao-foi-para-cariani","status":"publish","type":"post","link":"https:\/\/famatv.com.br\/index.php\/2026\/04\/26\/toguro-entra-em-contato-nega-indireta-a-irmao-de-buzeira-e-diz-que-publicacao-foi-para-cariani\/","title":{"rendered":"Toguro entra em contato nega indireta a irm\u00e3o de Buzeira e diz que publica\u00e7\u00e3o foi para Cariani"},"content":{"rendered":"\n<p>O influenciador fitness Toguro procurou nossa equipe ap\u00f3s a repercuss\u00e3o de um conte\u00fado publicado nas redes sociais que sugeria uma poss\u00edvel resposta ao irm\u00e3o do influenciador Buzeira.<\/p>\n\n\n\n<p>Diante da interpreta\u00e7\u00e3o, Toguro esclareceu que a publica\u00e7\u00e3o n\u00e3o tinha rela\u00e7\u00e3o com o caso e afirmou que a mensagem foi direcionada ao tamb\u00e9m influenciador Cariani. Ele ainda solicitou a remo\u00e7\u00e3o do conte\u00fado para evitar novos entendimentos equivocados.<\/p>\n\n\n\n<p>\u201cRespondi ningu\u00e9m n\u00e3o, esse storie foi pro Cariani, melhor apagar\u201d, disse o influenciador ao entrar em contato.<\/p>\n\n\n\n<p>Ap\u00f3s o esclarecimento, o material foi removido por nossa equipe. O epis\u00f3dio refor\u00e7a como publica\u00e7\u00f5es nas redes sociais podem gerar diferentes leituras e a import\u00e2ncia do contexto nas interpreta\u00e7\u00f5es.<\/p>\n\n\n\n<p>At\u00e9 o momento, n\u00e3o houve novos posicionamentos sobre o caso.<\/p>\n\n\n<!-- wp:embed \"url\":\"https:\/\/www.instagram.com\/reel\/DXm2e-3m_02\/?igsh=MWluN2J1YW1wamYwMg==\",\"type\":\"rich\",\"providerNameSlug\":\"instagram\",\"responsive\":true -->\n<figure class=\"wp-block-embed is-type-rich is-provider-instagram wp-block-embed-instagram\"><div class=\"wp-block-embed__wrapper\">\nhttps:\/\/www.instagram.com\/reel\/DXm2e-3m_02\/?igsh=MWluN2J1YW1wamYwMg==\n<\/div><\/figure>\n<!-- \/wp:post-content -->","protected":false},"excerpt":{"rendered":"<p>O influenciador fitness Toguro procurou nossa equipe ap\u00f3s a repercuss\u00e3o de um conte\u00fado publicado nas redes sociais que sugeria uma poss\u00edvel resposta ao irm\u00e3o do influenciador Buzeira. Diante da interpreta\u00e7\u00e3o, Toguro esclareceu que a publica\u00e7\u00e3o n\u00e3o tinha rela\u00e7\u00e3o com o caso e afirmou que a mensagem foi direcionada ao tamb\u00e9m influenciador Cariani. Ele ainda solicitou \u2026<\/p>\n","protected":false},"author":2,"featured_media":2836,"comment_status":"closed","ping_status":"open","sticky":false,"template":"","format":"standard","meta":{"footnotes":""},"categories":[32],"tags":[],"class_list":["post-2837","post","type-post","status-publish","format-standard","has-post-thumbnail","hentry","category-famosos"],"featured_image_urls":{"full":["https:\/\/famatv.com.br\/wp-content\/uploads\/2026\/04\/IMG_4164.jpeg",1261,890,false],"thumbnail":["https:\/\/famatv.com.br\/wp-content\/uploads\/2026\/04\/IMG_4164-150x150.jpeg",150,150,true],"medium":["https:\/\/famatv.com.br\/wp-content\/uploads\/2026\/04\/IMG_4164-300x212.jpeg",300,212,true],"medium_large":["https:\/\/famatv.com.br\/wp-content\/uploads\/2026\/04\/IMG_4164-768x542.jpeg",768,542,true],"large":["https:\/\/famatv.com.br\/wp-content\/uploads\/2026\/04\/IMG_4164-1024x723.jpeg",1024,723,true],"1536x1536":["https:\/\/famatv.com.br\/wp-content\/uploads\/2026\/04\/IMG_4164.jpeg",1261,890,false],"2048x2048":["https:\/\/famatv.com.br\/wp-content\/uploads\/2026\/04\/IMG_4164.jpeg",1261,890,false]},"author_info":{"info":["assessoriadefamosos"]},"category_info":"<a href=\"https:\/\/famatv.com.br\/index.php\/category\/famosos\/\" rel=\"category tag\">Famosos<\/a>","tag_info":"Famosos","comment_count":"0","_links":{"self":[{"href":"https:\/\/famatv.com.br\/index.php\/wp-json\/wp\/v2\/posts\/2837","targetHints":{"allow":["GET"]}}],"collection":[{"href":"https:\/\/famatv.com.br\/index.php\/wp-json\/wp\/v2\/posts"}],"about":[{"href":"https:\/\/famatv.com.br\/index.php\/wp-json\/wp\/v2\/types\/post"}],"author":[{"embeddable":true,"href":"https:\/\/famatv.com.br\/index.php\/wp-json\/wp\/v2\/users\/2"}],"replies":[{"embeddable":true,"href":"https:\/\/famatv.com.br\/index.php\/wp-json\/wp\/v2\/comments?post=2837"}],"version-history":[{"count":1,"href":"https:\/\/famatv.com.br\/index.php\/wp-json\/wp\/v2\/posts\/2837\/revisions"}],"predecessor-version":[{"id":2838,"href":"https:\/\/famatv.com.br\/index.php\/wp-json\/wp\/v2\/posts\/2837\/revisions\/2838"}],"wp:featuredmedia":[{"embeddable":true,"href":"https:\/\/famatv.com.br\/index.php\/wp-json\/wp\/v2\/media\/2836"}],"wp:attachment":[{"href":"https:\/\/famatv.com.br\/index.php\/wp-json\/wp\/v2\/media?parent=2837"}],"wp:term":[{"taxonomy":"category","embeddable":true,"href":"https:\/\/famatv.com.br\/index.php\/wp-json\/wp\/v2\/categories?post=2837"},{"taxonomy":"post_tag","embeddable":true,"href":"https:\/\/famatv.com.br\/index.php\/wp-json\/wp\/v2\/tags?post=2837"}],"curies":[{"name":"wp","href":"https:\/\/api.w.org\/{rel}","templated":true}]}}