{"id":2840,"date":"2026-04-26T23:37:57","date_gmt":"2026-04-26T23:37:57","guid":{"rendered":"https:\/\/famatv.com.br\/?p=2840"},"modified":"2026-04-26T23:37:57","modified_gmt":"2026-04-26T23:37:57","slug":"apos-susto-em-sp-anderson-neiff-tem-alta-e-emociona-fas-com-relato","status":"publish","type":"post","link":"https:\/\/famatv.com.br\/index.php\/2026\/04\/26\/apos-susto-em-sp-anderson-neiff-tem-alta-e-emociona-fas-com-relato\/","title":{"rendered":"Ap\u00f3s susto em SP, Anderson Neiff tem alta e emociona f\u00e3s com relato"},"content":{"rendered":"\n<p>O cantor e influenciador Anderson Neiff j\u00e1 est\u00e1 fora do hospital ap\u00f3s ser atingido por disparos em S\u00e3o Paulo, na madrugada deste domingo (26), logo ap\u00f3s deixar um show.<\/p>\n\n\n\n<p>Depois de passar por cirurgia, o artista usou as redes sociais para atualizar os seguidores e compartilhar a emo\u00e7\u00e3o de ter superado o momento. Ele afirmou que se sente grato por estar vivo e descreveu a experi\u00eancia como um verdadeiro recome\u00e7o.<\/p>\n\n\n\n<p>Anderson Neiff contou que um dos momentos mais marcantes foi quando despertou ap\u00f3s o procedimento e percebeu que estava bem, o que trouxe al\u00edvio ap\u00f3s horas de tens\u00e3o.<\/p>\n\n\n\n<p>O influenciador tamb\u00e9m fez quest\u00e3o de agradecer o apoio recebido da fam\u00edlia, da equipe e dos f\u00e3s, que acompanharam a situa\u00e7\u00e3o e enviaram mensagens positivas durante todo o per\u00edodo.<\/p>\n\n\n\n<p>Ainda em recupera\u00e7\u00e3o, Anderson afirmou que pretende explicar com mais detalhes tudo o que aconteceu, mas refor\u00e7ou que agora o foco \u00e9 se restabelecer ap\u00f3s o susto.<\/p>\n","protected":false},"excerpt":{"rendered":"<p>O cantor e influenciador Anderson Neiff j\u00e1 est\u00e1 fora do hospital ap\u00f3s ser atingido por disparos em S\u00e3o Paulo, na madrugada deste domingo (26), logo ap\u00f3s deixar um show. Depois de passar por cirurgia, o artista usou as redes sociais para atualizar os seguidores e compartilhar a emo\u00e7\u00e3o de ter superado o momento. Ele afirmou \u2026<\/p>\n","protected":false},"author":2,"featured_media":2839,"comment_status":"closed","ping_status":"open","sticky":false,"template":"","format":"standard","meta":{"footnotes":""},"categories":[32],"tags":[],"class_list":["post-2840","post","type-post","status-publish","format-standard","has-post-thumbnail","hentry","category-famosos"],"featured_image_urls":{"full":["https:\/\/famatv.com.br\/wp-content\/uploads\/2026\/04\/Apos-ser-baleado-em-SP-Anderson-Neiff-recebe-alta-e-desabafa_-Eu-sou-um-milagre.jpg",1200,900,false],"thumbnail":["https:\/\/famatv.com.br\/wp-content\/uploads\/2026\/04\/Apos-ser-baleado-em-SP-Anderson-Neiff-recebe-alta-e-desabafa_-Eu-sou-um-milagre-150x150.jpg",150,150,true],"medium":["https:\/\/famatv.com.br\/wp-content\/uploads\/2026\/04\/Apos-ser-baleado-em-SP-Anderson-Neiff-recebe-alta-e-desabafa_-Eu-sou-um-milagre-300x225.jpg",300,225,true],"medium_large":["https:\/\/famatv.com.br\/wp-content\/uploads\/2026\/04\/Apos-ser-baleado-em-SP-Anderson-Neiff-recebe-alta-e-desabafa_-Eu-sou-um-milagre-768x576.jpg",768,576,true],"large":["https:\/\/famatv.com.br\/wp-content\/uploads\/2026\/04\/Apos-ser-baleado-em-SP-Anderson-Neiff-recebe-alta-e-desabafa_-Eu-sou-um-milagre-1024x768.jpg",1024,768,true],"1536x1536":["https:\/\/famatv.com.br\/wp-content\/uploads\/2026\/04\/Apos-ser-baleado-em-SP-Anderson-Neiff-recebe-alta-e-desabafa_-Eu-sou-um-milagre.jpg",1200,900,false],"2048x2048":["https:\/\/famatv.com.br\/wp-content\/uploads\/2026\/04\/Apos-ser-baleado-em-SP-Anderson-Neiff-recebe-alta-e-desabafa_-Eu-sou-um-milagre.jpg",1200,900,false]},"author_info":{"info":["assessoriadefamosos"]},"category_info":"<a href=\"https:\/\/famatv.com.br\/index.php\/category\/famosos\/\" rel=\"category tag\">Famosos<\/a>","tag_info":"Famosos","comment_count":"0","_links":{"self":[{"href":"https:\/\/famatv.com.br\/index.php\/wp-json\/wp\/v2\/posts\/2840","targetHints":{"allow":["GET"]}}],"collection":[{"href":"https:\/\/famatv.com.br\/index.php\/wp-json\/wp\/v2\/posts"}],"about":[{"href":"https:\/\/famatv.com.br\/index.php\/wp-json\/wp\/v2\/types\/post"}],"author":[{"embeddable":true,"href":"https:\/\/famatv.com.br\/index.php\/wp-json\/wp\/v2\/users\/2"}],"replies":[{"embeddable":true,"href":"https:\/\/famatv.com.br\/index.php\/wp-json\/wp\/v2\/comments?post=2840"}],"version-history":[{"count":1,"href":"https:\/\/famatv.com.br\/index.php\/wp-json\/wp\/v2\/posts\/2840\/revisions"}],"predecessor-version":[{"id":2841,"href":"https:\/\/famatv.com.br\/index.php\/wp-json\/wp\/v2\/posts\/2840\/revisions\/2841"}],"wp:featuredmedia":[{"embeddable":true,"href":"https:\/\/famatv.com.br\/index.php\/wp-json\/wp\/v2\/media\/2839"}],"wp:attachment":[{"href":"https:\/\/famatv.com.br\/index.php\/wp-json\/wp\/v2\/media?parent=2840"}],"wp:term":[{"taxonomy":"category","embeddable":true,"href":"https:\/\/famatv.com.br\/index.php\/wp-json\/wp\/v2\/categories?post=2840"},{"taxonomy":"post_tag","embeddable":true,"href":"https:\/\/famatv.com.br\/index.php\/wp-json\/wp\/v2\/tags?post=2840"}],"curies":[{"name":"wp","href":"https:\/\/api.w.org\/{rel}","templated":true}]}}