{"id":2846,"date":"2026-04-26T23:48:41","date_gmt":"2026-04-26T23:48:41","guid":{"rendered":"https:\/\/famatv.com.br\/?p=2846"},"modified":"2026-04-26T23:48:41","modified_gmt":"2026-04-26T23:48:41","slug":"ana-paula-renault-emociona-ao-lembrar-ultima-despedida-do-pai-antes-do-bbb26","status":"publish","type":"post","link":"https:\/\/famatv.com.br\/index.php\/2026\/04\/26\/ana-paula-renault-emociona-ao-lembrar-ultima-despedida-do-pai-antes-do-bbb26\/","title":{"rendered":"Ana Paula Renault emociona ao lembrar \u00faltima despedida do pai antes do BBB26"},"content":{"rendered":"\n<p>A jornalista Ana Paula Renault comoveu o p\u00fablico ao relembrar a \u00faltima conversa que teve com o pai antes de entrar no Big Brother Brasil 26.<\/p>\n\n\n\n<p>Durante participa\u00e7\u00e3o no Doming\u00e3o com Huck, a campe\u00e3 contou que se despediu de Gerardo Renault sem imaginar que aquele seria o \u00faltimo encontro entre eles.<\/p>\n\n\n\n<p>Ana Paula Renault revelou que, ao sair de casa, disse ao pai que estava indo trabalhar e que voltaria, frase que acabou ganhando um significado ainda mais marcante ap\u00f3s a perda, ocorrida dias antes da final do reality.<\/p>\n\n\n\n<p>A emo\u00e7\u00e3o tomou conta do momento quando a irm\u00e3 da jornalista enviou uma mensagem de apoio, destacando a for\u00e7a de Ana Paula diante da situa\u00e7\u00e3o e refor\u00e7ando a uni\u00e3o da fam\u00edlia.<\/p>\n\n\n\n<p>Mesmo em meio ao luto, Ana Paula seguiu no programa e destacou que encontrou apoio dentro da casa para conseguir continuar at\u00e9 o fim da competi\u00e7\u00e3o.<\/p>\n\n\n\n<p>O relato sensibilizou o p\u00fablico e marcou sua participa\u00e7\u00e3o no programa dominical.<\/p>\n","protected":false},"excerpt":{"rendered":"<p>A jornalista Ana Paula Renault comoveu o p\u00fablico ao relembrar a \u00faltima conversa que teve com o pai antes de entrar no Big Brother Brasil 26. Durante participa\u00e7\u00e3o no Doming\u00e3o com Huck, a campe\u00e3 contou que se despediu de Gerardo Renault sem imaginar que aquele seria o \u00faltimo encontro entre eles. Ana Paula Renault revelou \u2026<\/p>\n","protected":false},"author":2,"featured_media":2845,"comment_status":"closed","ping_status":"open","sticky":false,"template":"","format":"standard","meta":{"footnotes":""},"categories":[32],"tags":[],"class_list":["post-2846","post","type-post","status-publish","format-standard","has-post-thumbnail","hentry","category-famosos"],"featured_image_urls":{"full":["https:\/\/famatv.com.br\/wp-content\/uploads\/2026\/04\/Design-sem-nome-2026-04-26T191133.924.png",1200,900,false],"thumbnail":["https:\/\/famatv.com.br\/wp-content\/uploads\/2026\/04\/Design-sem-nome-2026-04-26T191133.924-150x150.png",150,150,true],"medium":["https:\/\/famatv.com.br\/wp-content\/uploads\/2026\/04\/Design-sem-nome-2026-04-26T191133.924-300x225.png",300,225,true],"medium_large":["https:\/\/famatv.com.br\/wp-content\/uploads\/2026\/04\/Design-sem-nome-2026-04-26T191133.924-768x576.png",768,576,true],"large":["https:\/\/famatv.com.br\/wp-content\/uploads\/2026\/04\/Design-sem-nome-2026-04-26T191133.924-1024x768.png",1024,768,true],"1536x1536":["https:\/\/famatv.com.br\/wp-content\/uploads\/2026\/04\/Design-sem-nome-2026-04-26T191133.924.png",1200,900,false],"2048x2048":["https:\/\/famatv.com.br\/wp-content\/uploads\/2026\/04\/Design-sem-nome-2026-04-26T191133.924.png",1200,900,false]},"author_info":{"info":["assessoriadefamosos"]},"category_info":"<a href=\"https:\/\/famatv.com.br\/index.php\/category\/famosos\/\" rel=\"category tag\">Famosos<\/a>","tag_info":"Famosos","comment_count":"0","_links":{"self":[{"href":"https:\/\/famatv.com.br\/index.php\/wp-json\/wp\/v2\/posts\/2846","targetHints":{"allow":["GET"]}}],"collection":[{"href":"https:\/\/famatv.com.br\/index.php\/wp-json\/wp\/v2\/posts"}],"about":[{"href":"https:\/\/famatv.com.br\/index.php\/wp-json\/wp\/v2\/types\/post"}],"author":[{"embeddable":true,"href":"https:\/\/famatv.com.br\/index.php\/wp-json\/wp\/v2\/users\/2"}],"replies":[{"embeddable":true,"href":"https:\/\/famatv.com.br\/index.php\/wp-json\/wp\/v2\/comments?post=2846"}],"version-history":[{"count":1,"href":"https:\/\/famatv.com.br\/index.php\/wp-json\/wp\/v2\/posts\/2846\/revisions"}],"predecessor-version":[{"id":2847,"href":"https:\/\/famatv.com.br\/index.php\/wp-json\/wp\/v2\/posts\/2846\/revisions\/2847"}],"wp:featuredmedia":[{"embeddable":true,"href":"https:\/\/famatv.com.br\/index.php\/wp-json\/wp\/v2\/media\/2845"}],"wp:attachment":[{"href":"https:\/\/famatv.com.br\/index.php\/wp-json\/wp\/v2\/media?parent=2846"}],"wp:term":[{"taxonomy":"category","embeddable":true,"href":"https:\/\/famatv.com.br\/index.php\/wp-json\/wp\/v2\/categories?post=2846"},{"taxonomy":"post_tag","embeddable":true,"href":"https:\/\/famatv.com.br\/index.php\/wp-json\/wp\/v2\/tags?post=2846"}],"curies":[{"name":"wp","href":"https:\/\/api.w.org\/{rel}","templated":true}]}}