{"id":2852,"date":"2026-04-27T05:42:01","date_gmt":"2026-04-27T05:42:01","guid":{"rendered":"https:\/\/famatv.com.br\/?p=2852"},"modified":"2026-04-27T05:42:01","modified_gmt":"2026-04-27T05:42:01","slug":"influenciador-e-jornalista-wilker-manoel-soares-aposta-no-automobilismo-e-prepara-novos-projetos-para-2026","status":"publish","type":"post","link":"https:\/\/famatv.com.br\/index.php\/2026\/04\/27\/influenciador-e-jornalista-wilker-manoel-soares-aposta-no-automobilismo-e-prepara-novos-projetos-para-2026\/","title":{"rendered":"Influenciador e jornalista Wilker Manoel Soares aposta no automobilismo e prepara novos projetos para 2026"},"content":{"rendered":"\n<p>Wilker Manoel Soares segue consolidando seu nome como um dos comunicadores em ascens\u00e3o no pa\u00eds e j\u00e1 articula novos passos para sua carreira. S\u00f3cio do <em>T\u00f4 Na Fama<\/em>, plataforma que registra cerca de 30 milh\u00f5es de visualiza\u00e7\u00f5es semanais, ele agora volta sua aten\u00e7\u00e3o para o universo do automobilismo, com foco inicial no kart.<\/p>\n\n\n\n<p>A movimenta\u00e7\u00e3o ganhou for\u00e7a ap\u00f3s sua presen\u00e7a em um kart\u00f3dromo internacional neste fim de semana, onde iniciou treinamentos e passou a se aproximar ainda mais do ambiente esportivo. Nos bastidores, a expectativa \u00e9 de que o projeto envolva a cria\u00e7\u00e3o de um campeonato pr\u00f3prio, ligado \u00e0 marca que j\u00e1 \u00e9 sucesso nas redes.<\/p>\n\n\n\n<p>Al\u00e9m do digital, Wilker tamb\u00e9m integra o grupo MW, respons\u00e1vel por marcas consolidadas como Miss &#038; Mister Brasil, avaliadas em aproximadamente R$ 18 milh\u00f5es. A atua\u00e7\u00e3o empresarial refor\u00e7a uma estrat\u00e9gia de expans\u00e3o que conecta m\u00eddia, entretenimento e novos mercados.<\/p>\n\n\n\n<p>Com forte liga\u00e7\u00e3o ao setor automotivo, ele tamb\u00e9m assina a coluna <em>Super Carros<\/em>, onde aborda tend\u00eancias, an\u00e1lises e novidades do segmento. A experi\u00eancia refor\u00e7a sua autoridade no tema e indica que sua entrada no automobilismo n\u00e3o \u00e9 por acaso.<\/p>\n\n\n\n<p>Wilker acumula ainda t\u00edtulos e fun\u00e7\u00f5es de destaque. \u00c9 Mister Brasil, atua como embaixador dos projetos Pr\u00f3-Beleza e Beleza do Bem e est\u00e1 \u00e0 frente do programa <em>T\u00f4 Na Fama<\/em>, exibido pela RedeTV!, ampliando sua presen\u00e7a na televis\u00e3o aberta.<\/p>\n\n\n\n<p>Em ritmo acelerado, o apresentador tamb\u00e9m vem expandindo sua atua\u00e7\u00e3o internacional. Em menos de um ano, j\u00e1 passou por 14 pa\u00edses, fortalecendo conex\u00f5es e ampliando sua visibilidade fora do Brasil.<\/p>\n\n\n\n<p>Sem revelar todos os detalhes, Wilker afirma que prepara novidades importantes para os pr\u00f3ximos meses, com foco especial em 2026. A expectativa \u00e9 que os novos projetos consolidem ainda mais sua marca em diferentes segmentos e ampliem sua presen\u00e7a no cen\u00e1rio nacional e internacional.<\/p>\n\n\n<!-- wp:embed \"url\":\"https:\/\/www.instagram.com\/reel\/DXneFPdDfVF\/?igsh=ZmVlZjRhYW9heGxm\" -->\n<figure class=\"wp-block-embed\"><div class=\"wp-block-embed__wrapper\">\nhttps:\/\/www.instagram.com\/reel\/DXneFPdDfVF\/?igsh=ZmVlZjRhYW9heGxm\n<\/div><\/figure>\n<!-- \/wp:post-content -->","protected":false},"excerpt":{"rendered":"<p>Wilker Manoel Soares segue consolidando seu nome como um dos comunicadores em ascens\u00e3o no pa\u00eds e j\u00e1 articula novos passos para sua carreira. S\u00f3cio do T\u00f4 Na Fama, plataforma que registra cerca de 30 milh\u00f5es de visualiza\u00e7\u00f5es semanais, ele agora volta sua aten\u00e7\u00e3o para o universo do automobilismo, com foco inicial no kart. A movimenta\u00e7\u00e3o \u2026<\/p>\n","protected":false},"author":2,"featured_media":2851,"comment_status":"closed","ping_status":"open","sticky":false,"template":"","format":"standard","meta":{"footnotes":""},"categories":[32],"tags":[],"class_list":["post-2852","post","type-post","status-publish","format-standard","has-post-thumbnail","hentry","category-famosos"],"featured_image_urls":{"full":["https:\/\/famatv.com.br\/wp-content\/uploads\/2026\/04\/C8BBD42D-4EFB-4324-85EB-D0375D4C3685.jpeg",1208,657,false],"thumbnail":["https:\/\/famatv.com.br\/wp-content\/uploads\/2026\/04\/C8BBD42D-4EFB-4324-85EB-D0375D4C3685-150x150.jpeg",150,150,true],"medium":["https:\/\/famatv.com.br\/wp-content\/uploads\/2026\/04\/C8BBD42D-4EFB-4324-85EB-D0375D4C3685-300x163.jpeg",300,163,true],"medium_large":["https:\/\/famatv.com.br\/wp-content\/uploads\/2026\/04\/C8BBD42D-4EFB-4324-85EB-D0375D4C3685-768x418.jpeg",768,418,true],"large":["https:\/\/famatv.com.br\/wp-content\/uploads\/2026\/04\/C8BBD42D-4EFB-4324-85EB-D0375D4C3685-1024x557.jpeg",1024,557,true],"1536x1536":["https:\/\/famatv.com.br\/wp-content\/uploads\/2026\/04\/C8BBD42D-4EFB-4324-85EB-D0375D4C3685.jpeg",1208,657,false],"2048x2048":["https:\/\/famatv.com.br\/wp-content\/uploads\/2026\/04\/C8BBD42D-4EFB-4324-85EB-D0375D4C3685.jpeg",1208,657,false]},"author_info":{"info":["assessoriadefamosos"]},"category_info":"<a href=\"https:\/\/famatv.com.br\/index.php\/category\/famosos\/\" rel=\"category tag\">Famosos<\/a>","tag_info":"Famosos","comment_count":"0","_links":{"self":[{"href":"https:\/\/famatv.com.br\/index.php\/wp-json\/wp\/v2\/posts\/2852","targetHints":{"allow":["GET"]}}],"collection":[{"href":"https:\/\/famatv.com.br\/index.php\/wp-json\/wp\/v2\/posts"}],"about":[{"href":"https:\/\/famatv.com.br\/index.php\/wp-json\/wp\/v2\/types\/post"}],"author":[{"embeddable":true,"href":"https:\/\/famatv.com.br\/index.php\/wp-json\/wp\/v2\/users\/2"}],"replies":[{"embeddable":true,"href":"https:\/\/famatv.com.br\/index.php\/wp-json\/wp\/v2\/comments?post=2852"}],"version-history":[{"count":1,"href":"https:\/\/famatv.com.br\/index.php\/wp-json\/wp\/v2\/posts\/2852\/revisions"}],"predecessor-version":[{"id":2853,"href":"https:\/\/famatv.com.br\/index.php\/wp-json\/wp\/v2\/posts\/2852\/revisions\/2853"}],"wp:featuredmedia":[{"embeddable":true,"href":"https:\/\/famatv.com.br\/index.php\/wp-json\/wp\/v2\/media\/2851"}],"wp:attachment":[{"href":"https:\/\/famatv.com.br\/index.php\/wp-json\/wp\/v2\/media?parent=2852"}],"wp:term":[{"taxonomy":"category","embeddable":true,"href":"https:\/\/famatv.com.br\/index.php\/wp-json\/wp\/v2\/categories?post=2852"},{"taxonomy":"post_tag","embeddable":true,"href":"https:\/\/famatv.com.br\/index.php\/wp-json\/wp\/v2\/tags?post=2852"}],"curies":[{"name":"wp","href":"https:\/\/api.w.org\/{rel}","templated":true}]}}