{"id":2855,"date":"2026-04-27T06:14:55","date_gmt":"2026-04-27T06:14:55","guid":{"rendered":"https:\/\/famatv.com.br\/?p=2855"},"modified":"2026-04-27T06:14:55","modified_gmt":"2026-04-27T06:14:55","slug":"ana-paula-renault-e-destaque-no-fantastico-e-reforca-forca-apos-o-bbb26","status":"publish","type":"post","link":"https:\/\/famatv.com.br\/index.php\/2026\/04\/27\/ana-paula-renault-e-destaque-no-fantastico-e-reforca-forca-apos-o-bbb26\/","title":{"rendered":"Ana Paula Renault \u00e9 destaque no Fant\u00e1stico e refor\u00e7a for\u00e7a ap\u00f3s o BBB26"},"content":{"rendered":"\n<p>O <em>Fant\u00e1stico<\/em> deste fim de semana teve um nome central: Ana Paula Renault. Apresentada como um dos grandes destaques do <strong>BBB26<\/strong>, a ex-participante ganhou espa\u00e7o em uma reportagem que reuniu emo\u00e7\u00e3o, posicionamento e momentos que rapidamente repercutiram nas redes sociais.<\/p>\n\n\n\n<p>Logo de in\u00edcio, Ana Paula chamou aten\u00e7\u00e3o ao revisitar sua trajet\u00f3ria e lembrar o incentivo do pai para entrar no reality. O relato, carregado de emo\u00e7\u00e3o, trouxe uma camada mais \u00edntima de sua hist\u00f3ria e ajudou o p\u00fablico a compreender decis\u00f5es que marcaram sua vida.<\/p>\n\n\n\n<p>Fiel ao seu estilo direto, ela tamb\u00e9m fez quest\u00e3o de reafirmar sua personalidade sem filtros. Ao declarar que n\u00e3o precisa da aprova\u00e7\u00e3o de todos, Ana Paula refor\u00e7ou o posicionamento que a tornou uma das figuras mais comentadas da edi\u00e7\u00e3o \u2014 despertando tanto apoio quanto cr\u00edticas.<\/p>\n\n\n\n<p>A participa\u00e7\u00e3o tamb\u00e9m teve espa\u00e7o para reflex\u00f5es pessoais. Ao comentar a m\u00fasica <em>\u201cWorld, Hold On\u201d<\/em>, a ex-BBB revelou identifica\u00e7\u00e3o com a mensagem da can\u00e7\u00e3o, conectando a letra a momentos importantes de sua trajet\u00f3ria e mostrando um lado mais sens\u00edvel.<\/p>\n\n\n\n<p>Outro ponto alto da reportagem foi o encontro com <strong>Xuxa Meneghel<\/strong>, que rendeu bastidores marcantes. Em um gesto simb\u00f3lico, Xuxa pediu permiss\u00e3o para repetir um costume de sua m\u00e3e e aben\u00e7oou Ana Paula, criando um dos momentos mais comentados da noite. A cena, que misturou afeto e espiritualidade, rapidamente ganhou destaque nas redes.<\/p>\n\n\n\n<p>Xuxa ainda surpreendeu ao revelar que acompanha o <em>BBB26<\/em> em um grupo privado com nomes como Sasha, Junno, Juliette e Anitta, evidenciando o alcance do reality e o interesse que a edi\u00e7\u00e3o despertou at\u00e9 mesmo entre grandes celebridades.<\/p>\n\n\n\n<p>Com presen\u00e7a forte e discurso consistente, Ana Paula Renault transformou sua passagem pelo <em>Fant\u00e1stico<\/em> em um novo cap\u00edtulo de sua trajet\u00f3ria p\u00fablica \u2014 reafirmando sua capacidade de gerar conversa, dividir opini\u00f5es e permanecer em evid\u00eancia muito al\u00e9m do confinamento.<\/p>\n","protected":false},"excerpt":{"rendered":"<p>O Fant\u00e1stico deste fim de semana teve um nome central: Ana Paula Renault. Apresentada como um dos grandes destaques do BBB26, a ex-participante ganhou espa\u00e7o em uma reportagem que reuniu emo\u00e7\u00e3o, posicionamento e momentos que rapidamente repercutiram nas redes sociais. Logo de in\u00edcio, Ana Paula chamou aten\u00e7\u00e3o ao revisitar sua trajet\u00f3ria e lembrar o incentivo \u2026<\/p>\n","protected":false},"author":2,"featured_media":2854,"comment_status":"closed","ping_status":"open","sticky":false,"template":"","format":"standard","meta":{"footnotes":""},"categories":[32],"tags":[],"class_list":["post-2855","post","type-post","status-publish","format-standard","has-post-thumbnail","hentry","category-famosos"],"featured_image_urls":{"full":["https:\/\/famatv.com.br\/wp-content\/uploads\/2026\/04\/IMG_4331.jpeg",1320,709,false],"thumbnail":["https:\/\/famatv.com.br\/wp-content\/uploads\/2026\/04\/IMG_4331-150x150.jpeg",150,150,true],"medium":["https:\/\/famatv.com.br\/wp-content\/uploads\/2026\/04\/IMG_4331-300x161.jpeg",300,161,true],"medium_large":["https:\/\/famatv.com.br\/wp-content\/uploads\/2026\/04\/IMG_4331-768x413.jpeg",768,413,true],"large":["https:\/\/famatv.com.br\/wp-content\/uploads\/2026\/04\/IMG_4331-1024x550.jpeg",1024,550,true],"1536x1536":["https:\/\/famatv.com.br\/wp-content\/uploads\/2026\/04\/IMG_4331.jpeg",1320,709,false],"2048x2048":["https:\/\/famatv.com.br\/wp-content\/uploads\/2026\/04\/IMG_4331.jpeg",1320,709,false]},"author_info":{"info":["assessoriadefamosos"]},"category_info":"<a href=\"https:\/\/famatv.com.br\/index.php\/category\/famosos\/\" rel=\"category tag\">Famosos<\/a>","tag_info":"Famosos","comment_count":"0","_links":{"self":[{"href":"https:\/\/famatv.com.br\/index.php\/wp-json\/wp\/v2\/posts\/2855","targetHints":{"allow":["GET"]}}],"collection":[{"href":"https:\/\/famatv.com.br\/index.php\/wp-json\/wp\/v2\/posts"}],"about":[{"href":"https:\/\/famatv.com.br\/index.php\/wp-json\/wp\/v2\/types\/post"}],"author":[{"embeddable":true,"href":"https:\/\/famatv.com.br\/index.php\/wp-json\/wp\/v2\/users\/2"}],"replies":[{"embeddable":true,"href":"https:\/\/famatv.com.br\/index.php\/wp-json\/wp\/v2\/comments?post=2855"}],"version-history":[{"count":1,"href":"https:\/\/famatv.com.br\/index.php\/wp-json\/wp\/v2\/posts\/2855\/revisions"}],"predecessor-version":[{"id":2856,"href":"https:\/\/famatv.com.br\/index.php\/wp-json\/wp\/v2\/posts\/2855\/revisions\/2856"}],"wp:featuredmedia":[{"embeddable":true,"href":"https:\/\/famatv.com.br\/index.php\/wp-json\/wp\/v2\/media\/2854"}],"wp:attachment":[{"href":"https:\/\/famatv.com.br\/index.php\/wp-json\/wp\/v2\/media?parent=2855"}],"wp:term":[{"taxonomy":"category","embeddable":true,"href":"https:\/\/famatv.com.br\/index.php\/wp-json\/wp\/v2\/categories?post=2855"},{"taxonomy":"post_tag","embeddable":true,"href":"https:\/\/famatv.com.br\/index.php\/wp-json\/wp\/v2\/tags?post=2855"}],"curies":[{"name":"wp","href":"https:\/\/api.w.org\/{rel}","templated":true}]}}