{"id":2858,"date":"2026-04-27T12:42:45","date_gmt":"2026-04-27T12:42:45","guid":{"rendered":"https:\/\/famatv.com.br\/?p=2858"},"modified":"2026-04-27T12:42:45","modified_gmt":"2026-04-27T12:42:45","slug":"marcio-michelasi-celebra-mais-um-ano-de-vida-e-reforca-legado-de-transformacao-no-setor-da-beleza","status":"publish","type":"post","link":"https:\/\/famatv.com.br\/index.php\/2026\/04\/27\/marcio-michelasi-celebra-mais-um-ano-de-vida-e-reforca-legado-de-transformacao-no-setor-da-beleza\/","title":{"rendered":"M\u00e1rcio Michelasi celebra mais um ano de vida e refor\u00e7a legado de transforma\u00e7\u00e3o no setor da beleza"},"content":{"rendered":"\n<p><strong>M\u00e1rcio Michelasi comemora mais um ano de vida, celebrando uma trajet\u00f3ria marcada por conquistas, realiza\u00e7\u00f5es e contribui\u00e7\u00e3o direta ao desenvolvimento do setor da beleza no Brasil. Aos 53 anos, ele se mant\u00e9m como uma das principais refer\u00eancias da \u00e1rea.<\/strong><\/p>\n\n\n\n<p><strong>H\u00e1 quase 30 anos \u00e0 frente do Sindicato Pr\u00f3-Beleza, Michelasi foi respons\u00e1vel por mudan\u00e7as estruturais importantes no segmento. Entre elas, a cria\u00e7\u00e3o dos modelos de Profissional Parceiro e Sal\u00e3o Parceiro, iniciativas que trouxeram mais seguran\u00e7a, organiza\u00e7\u00e3o e oportunidades para milhares de profissionais.<\/strong><\/p>\n\n\n\n<p><strong>Sua atua\u00e7\u00e3o tamb\u00e9m foi decisiva para a moderniza\u00e7\u00e3o tecnol\u00f3gica do setor, acompanhando as transforma\u00e7\u00f5es do mercado e impulsionando a evolu\u00e7\u00e3o dos servi\u00e7os de beleza no pa\u00eds. Atualmente, ele segue investindo em novos projetos, incluindo iniciativas educacionais que prometem impactar ainda mais o segmento.<\/strong><\/p>\n\n\n\n<p><strong>Al\u00e9m do trabalho institucional, M\u00e1rcio Michelasi tamb\u00e9m se destaca na comunica\u00e7\u00e3o. Como apresentador do programa <\/strong><strong><em>T\u00f4 Na Fama<\/em><\/strong><strong>, na RedeTV!, leva ao p\u00fablico conte\u00fados sobre o universo dos famosos, entrevistas exclusivas e informa\u00e7\u00e3o com linguagem acess\u00edvel e qualidade.<\/strong><\/p>\n\n\n\n<p><strong>Respeitado por autoridades, artistas, influenciadores e profissionais da beleza, Michelasi construiu uma trajet\u00f3ria baseada na dedica\u00e7\u00e3o ao setor que representa.<\/strong><\/p>\n\n\n\n<p><strong>Neste novo ciclo, ele recebe votos de sucesso, felicidades e novas conquistas. A homenagem \u00e9 da fam\u00edlia <em>T\u00f4 Na Fama<\/em> e da MW Assessoria, que celebram sua hist\u00f3ria e refor\u00e7am a import\u00e2ncia de sua caminhada.<\/strong><\/p>\n","protected":false},"excerpt":{"rendered":"<p>M\u00e1rcio Michelasi comemora mais um ano de vida, celebrando uma trajet\u00f3ria marcada por conquistas, realiza\u00e7\u00f5es e contribui\u00e7\u00e3o direta ao desenvolvimento do setor da beleza no Brasil. Aos 53 anos, ele se mant\u00e9m como uma das principais refer\u00eancias da \u00e1rea. H\u00e1 quase 30 anos \u00e0 frente do Sindicato Pr\u00f3-Beleza, Michelasi foi respons\u00e1vel por mudan\u00e7as estruturais importantes \u2026<\/p>\n","protected":false},"author":2,"featured_media":2857,"comment_status":"closed","ping_status":"open","sticky":false,"template":"","format":"standard","meta":{"footnotes":""},"categories":[32],"tags":[],"class_list":["post-2858","post","type-post","status-publish","format-standard","has-post-thumbnail","hentry","category-famosos"],"featured_image_urls":{"full":["https:\/\/famatv.com.br\/wp-content\/uploads\/2026\/04\/IMG_4371.jpeg",1320,658,false],"thumbnail":["https:\/\/famatv.com.br\/wp-content\/uploads\/2026\/04\/IMG_4371-150x150.jpeg",150,150,true],"medium":["https:\/\/famatv.com.br\/wp-content\/uploads\/2026\/04\/IMG_4371-300x150.jpeg",300,150,true],"medium_large":["https:\/\/famatv.com.br\/wp-content\/uploads\/2026\/04\/IMG_4371-768x383.jpeg",768,383,true],"large":["https:\/\/famatv.com.br\/wp-content\/uploads\/2026\/04\/IMG_4371-1024x510.jpeg",1024,510,true],"1536x1536":["https:\/\/famatv.com.br\/wp-content\/uploads\/2026\/04\/IMG_4371.jpeg",1320,658,false],"2048x2048":["https:\/\/famatv.com.br\/wp-content\/uploads\/2026\/04\/IMG_4371.jpeg",1320,658,false]},"author_info":{"info":["assessoriadefamosos"]},"category_info":"<a href=\"https:\/\/famatv.com.br\/index.php\/category\/famosos\/\" rel=\"category tag\">Famosos<\/a>","tag_info":"Famosos","comment_count":"0","_links":{"self":[{"href":"https:\/\/famatv.com.br\/index.php\/wp-json\/wp\/v2\/posts\/2858","targetHints":{"allow":["GET"]}}],"collection":[{"href":"https:\/\/famatv.com.br\/index.php\/wp-json\/wp\/v2\/posts"}],"about":[{"href":"https:\/\/famatv.com.br\/index.php\/wp-json\/wp\/v2\/types\/post"}],"author":[{"embeddable":true,"href":"https:\/\/famatv.com.br\/index.php\/wp-json\/wp\/v2\/users\/2"}],"replies":[{"embeddable":true,"href":"https:\/\/famatv.com.br\/index.php\/wp-json\/wp\/v2\/comments?post=2858"}],"version-history":[{"count":1,"href":"https:\/\/famatv.com.br\/index.php\/wp-json\/wp\/v2\/posts\/2858\/revisions"}],"predecessor-version":[{"id":2859,"href":"https:\/\/famatv.com.br\/index.php\/wp-json\/wp\/v2\/posts\/2858\/revisions\/2859"}],"wp:featuredmedia":[{"embeddable":true,"href":"https:\/\/famatv.com.br\/index.php\/wp-json\/wp\/v2\/media\/2857"}],"wp:attachment":[{"href":"https:\/\/famatv.com.br\/index.php\/wp-json\/wp\/v2\/media?parent=2858"}],"wp:term":[{"taxonomy":"category","embeddable":true,"href":"https:\/\/famatv.com.br\/index.php\/wp-json\/wp\/v2\/categories?post=2858"},{"taxonomy":"post_tag","embeddable":true,"href":"https:\/\/famatv.com.br\/index.php\/wp-json\/wp\/v2\/tags?post=2858"}],"curies":[{"name":"wp","href":"https:\/\/api.w.org\/{rel}","templated":true}]}}