{"id":2873,"date":"2026-04-27T20:03:02","date_gmt":"2026-04-27T20:03:02","guid":{"rendered":"https:\/\/famatv.com.br\/?p=2873"},"modified":"2026-04-27T20:03:02","modified_gmt":"2026-04-27T20:03:02","slug":"cartorios-eleitorais-intensificam-atendimento-itinerante-em-sp-ate-6-de-maio","status":"publish","type":"post","link":"https:\/\/famatv.com.br\/index.php\/2026\/04\/27\/cartorios-eleitorais-intensificam-atendimento-itinerante-em-sp-ate-6-de-maio\/","title":{"rendered":"Cart\u00f3rios eleitorais intensificam atendimento itinerante em SP at\u00e9 6 de maio"},"content":{"rendered":"\n<p>Os cart\u00f3rios eleitorais de S\u00e3o Paulo ampliaram o atendimento itinerante em diversas cidades do estado para facilitar a emiss\u00e3o, regulariza\u00e7\u00e3o do t\u00edtulo de eleitor e a coleta biom\u00e9trica. A a\u00e7\u00e3o ocorre at\u00e9 o dia 6 de maio, prazo final para que eleitores regularizem a situa\u00e7\u00e3o e possam participar das Elei\u00e7\u00f5es 2026.<\/p>\n\n\n\n<p>A medida foi adotada diante da proximidade do encerramento do prazo e busca alcan\u00e7ar principalmente moradores de regi\u00f5es mais afastadas, que enfrentam dificuldades de acesso aos servi\u00e7os da Justi\u00e7a Eleitoral.<\/p>\n\n\n\n<h2 class=\"wp-block-heading\">Atendimento chega ao interior e regi\u00f5es metropolitanas<\/h2>\n\n\n\n<p>As equipes est\u00e3o atuando em munic\u00edpios da Regi\u00e3o Metropolitana, interior e litoral, com pontos montados em prefeituras, escolas, c\u00e2maras municipais e unidades de atendimento ao trabalhador.<\/p>\n\n\n\n<p>Entre as cidades atendidas est\u00e3o Tup\u00e3, Pilar do Sul, Pirangi, Lup\u00e9rcio, Dirce Reis, Ara\u00e7atuba, Itapecerica da Serra, Vargem Grande Paulista, Guararema, Bertioga, Nova Europa, Sales\u00f3polis e Rin\u00f3polis, entre outras.<\/p>\n\n\n\n<p>O objetivo \u00e9 descentralizar o servi\u00e7o e permitir que mais pessoas consigam resolver pend\u00eancias eleitorais sem precisar se deslocar at\u00e9 os cart\u00f3rios.<\/p>\n\n\n\n<h2 class=\"wp-block-heading\">Servi\u00e7os dispon\u00edveis<\/h2>\n\n\n\n<p>Durante o atendimento itinerante, os eleitores podem realizar:<\/p>\n\n\n\n<ul class=\"wp-block-list\">\n<li>emiss\u00e3o do primeiro t\u00edtulo (alistamento eleitoral)<\/li>\n\n\n\n<li>transfer\u00eancia de domic\u00edlio<\/li>\n\n\n\n<li>revis\u00e3o cadastral<\/li>\n\n\n\n<li>regulariza\u00e7\u00e3o de pend\u00eancias<\/li>\n\n\n\n<li>coleta biom\u00e9trica<\/li>\n<\/ul>\n\n\n\n<p>Os atendimentos, em geral, s\u00e3o feitos por ordem de chegada, sem necessidade de agendamento em grande parte das cidades.<\/p>\n\n\n\n<h2 class=\"wp-block-heading\">Foco em popula\u00e7\u00e3o com dificuldade de acesso<\/h2>\n\n\n\n<p>Segundo a Justi\u00e7a Eleitoral, a iniciativa tamb\u00e9m tem foco em p\u00fablicos mais vulner\u00e1veis, como trabalhadores rurais e moradores de regi\u00f5es com menor infraestrutura, que muitas vezes n\u00e3o conseguem se deslocar at\u00e9 unidades fixas.<\/p>\n\n\n\n<h2 class=\"wp-block-heading\">Hor\u00e1rio ampliado na reta final<\/h2>\n\n\n\n<p>Al\u00e9m das a\u00e7\u00f5es itinerantes, os cart\u00f3rios eleitorais em todo o estado ter\u00e3o hor\u00e1rio ampliado entre os dias 1\u00ba e 6 de maio.<\/p>\n\n\n\n<p>Durante esse per\u00edodo:<\/p>\n\n\n\n<ul class=\"wp-block-list\">\n<li>de 1\u00ba a 3 de maio: atendimento das 9h \u00e0s 15h<\/li>\n\n\n\n<li>de 4 a 6 de maio: atendimento das 9h \u00e0s 17h<\/li>\n<\/ul>\n\n\n\n<p>A orienta\u00e7\u00e3o \u00e9 clara: quem ainda n\u00e3o tem t\u00edtulo ou n\u00e3o fez a biometria deve procurar atendimento o quanto antes para evitar ficar irregular.<\/p>\n\n\n\n<h2 class=\"wp-block-heading\">Pr\u00f3ximos passos<\/h2>\n\n\n\n<p>Ap\u00f3s o dia 6 de maio, o cadastro eleitoral ser\u00e1 fechado para organiza\u00e7\u00e3o das Elei\u00e7\u00f5es 2026. Quem n\u00e3o regularizar a situa\u00e7\u00e3o dentro do prazo pode enfrentar restri\u00e7\u00f5es, como impedimentos em servi\u00e7os p\u00fablicos e dificuldades em processos administrativos.<\/p>\n","protected":false},"excerpt":{"rendered":"<p>Os cart\u00f3rios eleitorais de S\u00e3o Paulo ampliaram o atendimento itinerante em diversas cidades do estado para facilitar a emiss\u00e3o, regulariza\u00e7\u00e3o do t\u00edtulo de eleitor e a coleta biom\u00e9trica. A a\u00e7\u00e3o ocorre at\u00e9 o dia 6 de maio, prazo final para que eleitores regularizem a situa\u00e7\u00e3o e possam participar das Elei\u00e7\u00f5es 2026. A medida foi adotada \u2026<\/p>\n","protected":false},"author":2,"featured_media":2872,"comment_status":"closed","ping_status":"open","sticky":false,"template":"","format":"standard","meta":{"footnotes":""},"categories":[33],"tags":[],"class_list":["post-2873","post","type-post","status-publish","format-standard","has-post-thumbnail","hentry","category-geral"],"featured_image_urls":{"full":["https:\/\/famatv.com.br\/wp-content\/uploads\/2026\/04\/cartorios-eleitorais-atendimento-itinerante-sp-maio-2026.png",1536,1024,false],"thumbnail":["https:\/\/famatv.com.br\/wp-content\/uploads\/2026\/04\/cartorios-eleitorais-atendimento-itinerante-sp-maio-2026-150x150.png",150,150,true],"medium":["https:\/\/famatv.com.br\/wp-content\/uploads\/2026\/04\/cartorios-eleitorais-atendimento-itinerante-sp-maio-2026-300x200.png",300,200,true],"medium_large":["https:\/\/famatv.com.br\/wp-content\/uploads\/2026\/04\/cartorios-eleitorais-atendimento-itinerante-sp-maio-2026-768x512.png",768,512,true],"large":["https:\/\/famatv.com.br\/wp-content\/uploads\/2026\/04\/cartorios-eleitorais-atendimento-itinerante-sp-maio-2026-1024x683.png",1024,683,true],"1536x1536":["https:\/\/famatv.com.br\/wp-content\/uploads\/2026\/04\/cartorios-eleitorais-atendimento-itinerante-sp-maio-2026.png",1536,1024,false],"2048x2048":["https:\/\/famatv.com.br\/wp-content\/uploads\/2026\/04\/cartorios-eleitorais-atendimento-itinerante-sp-maio-2026.png",1536,1024,false]},"author_info":{"info":["assessoriadefamosos"]},"category_info":"<a href=\"https:\/\/famatv.com.br\/index.php\/category\/geral\/\" rel=\"category tag\">Geral<\/a>","tag_info":"Geral","comment_count":"0","_links":{"self":[{"href":"https:\/\/famatv.com.br\/index.php\/wp-json\/wp\/v2\/posts\/2873","targetHints":{"allow":["GET"]}}],"collection":[{"href":"https:\/\/famatv.com.br\/index.php\/wp-json\/wp\/v2\/posts"}],"about":[{"href":"https:\/\/famatv.com.br\/index.php\/wp-json\/wp\/v2\/types\/post"}],"author":[{"embeddable":true,"href":"https:\/\/famatv.com.br\/index.php\/wp-json\/wp\/v2\/users\/2"}],"replies":[{"embeddable":true,"href":"https:\/\/famatv.com.br\/index.php\/wp-json\/wp\/v2\/comments?post=2873"}],"version-history":[{"count":1,"href":"https:\/\/famatv.com.br\/index.php\/wp-json\/wp\/v2\/posts\/2873\/revisions"}],"predecessor-version":[{"id":2874,"href":"https:\/\/famatv.com.br\/index.php\/wp-json\/wp\/v2\/posts\/2873\/revisions\/2874"}],"wp:featuredmedia":[{"embeddable":true,"href":"https:\/\/famatv.com.br\/index.php\/wp-json\/wp\/v2\/media\/2872"}],"wp:attachment":[{"href":"https:\/\/famatv.com.br\/index.php\/wp-json\/wp\/v2\/media?parent=2873"}],"wp:term":[{"taxonomy":"category","embeddable":true,"href":"https:\/\/famatv.com.br\/index.php\/wp-json\/wp\/v2\/categories?post=2873"},{"taxonomy":"post_tag","embeddable":true,"href":"https:\/\/famatv.com.br\/index.php\/wp-json\/wp\/v2\/tags?post=2873"}],"curies":[{"name":"wp","href":"https:\/\/api.w.org\/{rel}","templated":true}]}}