{"id":2882,"date":"2026-04-29T03:21:52","date_gmt":"2026-04-29T03:21:52","guid":{"rendered":"https:\/\/famatv.com.br\/?p=2882"},"modified":"2026-04-29T03:21:52","modified_gmt":"2026-04-29T03:21:52","slug":"treta-ganha-novos-capitulos-virginia-reage-as-criticas-chora-nas-redes-e-cogita-acionar-luana-piovani-na-justica","status":"publish","type":"post","link":"https:\/\/famatv.com.br\/index.php\/2026\/04\/29\/treta-ganha-novos-capitulos-virginia-reage-as-criticas-chora-nas-redes-e-cogita-acionar-luana-piovani-na-justica\/","title":{"rendered":"Treta ganha novos cap\u00edtulos: Virg\u00ednia reage \u00e0s cr\u00edticas, chora nas redes e cogita acionar Luana Piovani na Justi\u00e7a"},"content":{"rendered":"\n<p>A troca de farpas entre Virg\u00ednia Fonseca e Luana Piovani ganhou for\u00e7a e se transformou em uma das maiores pol\u00eamicas recentes nas redes sociais. O embate, que come\u00e7ou com cr\u00edticas p\u00fablicas, evoluiu para um cen\u00e1rio mais tenso ap\u00f3s a influenciadora aparecer chorando e sinalizar que pode levar o caso \u00e0 Justi\u00e7a.<\/p>\n\n\n\n<p>A controv\u00e9rsia teve in\u00edcio quando Luana Piovani fez coment\u00e1rios contundentes sobre Virg\u00ednia, abordando temas como a exposi\u00e7\u00e3o nas redes e a divulga\u00e7\u00e3o de apostas online. O ponto de maior repercuss\u00e3o foi quando a atriz citou a fam\u00edlia da influenciadora, o que gerou indigna\u00e7\u00e3o imediata entre f\u00e3s e seguidores.<\/p>\n\n\n\n<p>Diante da repercuss\u00e3o, Virg\u00ednia utilizou seus stories para desabafar. Emocionada, ela criticou o teor das falas e questionou at\u00e9 onde vai o limite da opini\u00e3o p\u00fablica, principalmente quando envolve crian\u00e7as. O v\u00eddeo rapidamente se espalhou, ampliando o alcance da discuss\u00e3o.<\/p>\n\n\n\n<p>A situa\u00e7\u00e3o se intensificou quando a influenciadora afirmou que estuda medidas judiciais contra a atriz. A possibilidade de um processo adicionou um novo elemento \u00e0 disputa, que j\u00e1 dominava as conversas online.<\/p>\n\n\n\n<p>Luana Piovani, por sua vez, n\u00e3o recuou. Em novas manifesta\u00e7\u00f5es, manteve o tom cr\u00edtico e chegou a ironizar a rea\u00e7\u00e3o de Virg\u00ednia, o que contribuiu para aumentar ainda mais a repercuss\u00e3o do caso.<\/p>\n\n\n\n<p>O conflito tamb\u00e9m mobilizou pessoas pr\u00f3ximas. Z\u00e9 Felipe, marido de Virg\u00ednia, saiu em defesa da influenciadora e criticou as declara\u00e7\u00f5es da atriz, ampliando o alcance da discuss\u00e3o para al\u00e9m das duas protagonistas.<\/p>\n\n\n\n<p>Nas redes sociais, o p\u00fablico se divide. De um lado, h\u00e1 quem defenda Virg\u00ednia e critique a exposi\u00e7\u00e3o da fam\u00edlia. De outro, usu\u00e1rios apontam que o debate levantado por Luana envolve quest\u00f5es relevantes sobre responsabilidade digital e influ\u00eancia.<\/p>\n\n\n\n<p>Sem sinais de recuo, a pol\u00eamica segue em andamento e continua gerando novos desdobramentos. A cada nova declara\u00e7\u00e3o, o caso ganha mais visibilidade e refor\u00e7a o papel das redes sociais como palco de embates p\u00fablicos entre celebridades.<\/p>\n","protected":false},"excerpt":{"rendered":"<p>A troca de farpas entre Virg\u00ednia Fonseca e Luana Piovani ganhou for\u00e7a e se transformou em uma das maiores pol\u00eamicas recentes nas redes sociais. O embate, que come\u00e7ou com cr\u00edticas p\u00fablicas, evoluiu para um cen\u00e1rio mais tenso ap\u00f3s a influenciadora aparecer chorando e sinalizar que pode levar o caso \u00e0 Justi\u00e7a. A controv\u00e9rsia teve in\u00edcio \u2026<\/p>\n","protected":false},"author":2,"featured_media":2881,"comment_status":"closed","ping_status":"open","sticky":false,"template":"","format":"standard","meta":{"footnotes":""},"categories":[32],"tags":[],"class_list":["post-2882","post","type-post","status-publish","format-standard","has-post-thumbnail","hentry","category-famosos"],"featured_image_urls":{"full":["https:\/\/famatv.com.br\/wp-content\/uploads\/2026\/04\/54e80ab9-e5df-47ed-9324-f8d6368e1a14.jpg",1176,922,false],"thumbnail":["https:\/\/famatv.com.br\/wp-content\/uploads\/2026\/04\/54e80ab9-e5df-47ed-9324-f8d6368e1a14-150x150.jpg",150,150,true],"medium":["https:\/\/famatv.com.br\/wp-content\/uploads\/2026\/04\/54e80ab9-e5df-47ed-9324-f8d6368e1a14-300x235.jpg",300,235,true],"medium_large":["https:\/\/famatv.com.br\/wp-content\/uploads\/2026\/04\/54e80ab9-e5df-47ed-9324-f8d6368e1a14-768x602.jpg",768,602,true],"large":["https:\/\/famatv.com.br\/wp-content\/uploads\/2026\/04\/54e80ab9-e5df-47ed-9324-f8d6368e1a14-1024x803.jpg",1024,803,true],"1536x1536":["https:\/\/famatv.com.br\/wp-content\/uploads\/2026\/04\/54e80ab9-e5df-47ed-9324-f8d6368e1a14.jpg",1176,922,false],"2048x2048":["https:\/\/famatv.com.br\/wp-content\/uploads\/2026\/04\/54e80ab9-e5df-47ed-9324-f8d6368e1a14.jpg",1176,922,false]},"author_info":{"info":["assessoriadefamosos"]},"category_info":"<a href=\"https:\/\/famatv.com.br\/index.php\/category\/famosos\/\" rel=\"category tag\">Famosos<\/a>","tag_info":"Famosos","comment_count":"0","_links":{"self":[{"href":"https:\/\/famatv.com.br\/index.php\/wp-json\/wp\/v2\/posts\/2882","targetHints":{"allow":["GET"]}}],"collection":[{"href":"https:\/\/famatv.com.br\/index.php\/wp-json\/wp\/v2\/posts"}],"about":[{"href":"https:\/\/famatv.com.br\/index.php\/wp-json\/wp\/v2\/types\/post"}],"author":[{"embeddable":true,"href":"https:\/\/famatv.com.br\/index.php\/wp-json\/wp\/v2\/users\/2"}],"replies":[{"embeddable":true,"href":"https:\/\/famatv.com.br\/index.php\/wp-json\/wp\/v2\/comments?post=2882"}],"version-history":[{"count":1,"href":"https:\/\/famatv.com.br\/index.php\/wp-json\/wp\/v2\/posts\/2882\/revisions"}],"predecessor-version":[{"id":2883,"href":"https:\/\/famatv.com.br\/index.php\/wp-json\/wp\/v2\/posts\/2882\/revisions\/2883"}],"wp:featuredmedia":[{"embeddable":true,"href":"https:\/\/famatv.com.br\/index.php\/wp-json\/wp\/v2\/media\/2881"}],"wp:attachment":[{"href":"https:\/\/famatv.com.br\/index.php\/wp-json\/wp\/v2\/media?parent=2882"}],"wp:term":[{"taxonomy":"category","embeddable":true,"href":"https:\/\/famatv.com.br\/index.php\/wp-json\/wp\/v2\/categories?post=2882"},{"taxonomy":"post_tag","embeddable":true,"href":"https:\/\/famatv.com.br\/index.php\/wp-json\/wp\/v2\/tags?post=2882"}],"curies":[{"name":"wp","href":"https:\/\/api.w.org\/{rel}","templated":true}]}}