{"id":2885,"date":"2026-04-29T03:27:16","date_gmt":"2026-04-29T03:27:16","guid":{"rendered":"https:\/\/famatv.com.br\/?p=2885"},"modified":"2026-04-29T03:27:16","modified_gmt":"2026-04-29T03:27:16","slug":"a-casa-do-patrao-estreia-com-falhas-ao-vivo-confusao-no-encerramento-e-reacao-imediata-do-publico","status":"publish","type":"post","link":"https:\/\/famatv.com.br\/index.php\/2026\/04\/29\/a-casa-do-patrao-estreia-com-falhas-ao-vivo-confusao-no-encerramento-e-reacao-imediata-do-publico\/","title":{"rendered":"\u201cA Casa do Patr\u00e3o\u201d estreia com falhas ao vivo, confus\u00e3o no encerramento e rea\u00e7\u00e3o imediata do p\u00fablico"},"content":{"rendered":"\n<p>A estreia do reality show \u201cA Casa do Patr\u00e3o\u201d, da Record, foi marcada por uma sequ\u00eancia de falhas que transformaram o primeiro epis\u00f3dio em um dos assuntos mais comentados da televis\u00e3o brasileira. Exibido ao vivo, o programa apresentou problemas de condu\u00e7\u00e3o, erros de informa\u00e7\u00e3o e um desfecho considerado confuso pelo p\u00fablico.<\/p>\n\n\n\n<p>Entre os principais pontos de cr\u00edtica est\u00e1 o encerramento da atra\u00e7\u00e3o sem a divulga\u00e7\u00e3o do resultado de uma prova central para a din\u00e2mica do jogo. A aus\u00eancia dessa informa\u00e7\u00e3o gerou desorienta\u00e7\u00e3o entre os telespectadores, que recorreram \u00e0s redes sociais para questionar o que havia acontecido.<\/p>\n\n\n\n<p>Outro momento que repercutiu amplamente envolveu o apresentador Leandro Hassum. Ao vivo, ele anunciou de forma equivocada a sequ\u00eancia da programa\u00e7\u00e3o da emissora, mencionando o \u201cJornal da Record\u201d antes de corrigir a informa\u00e7\u00e3o segundos depois. A falha refor\u00e7ou a percep\u00e7\u00e3o de desorganiza\u00e7\u00e3o na estreia.<\/p>\n\n\n\n<p>A repercuss\u00e3o foi imediata. Termos relacionados ao programa figuraram entre os mais comentados da internet, acompanhados de memes e cr\u00edticas \u00e0 execu\u00e7\u00e3o do formato. Muitos usu\u00e1rios apontaram a falta de clareza na edi\u00e7\u00e3o e na condu\u00e7\u00e3o como fatores que prejudicaram a experi\u00eancia de quem assistia.<\/p>\n\n\n\n<p>Nos bastidores da televis\u00e3o, estreias de realities s\u00e3o consideradas estrat\u00e9gicas, j\u00e1 que os primeiros epis\u00f3dios costumam definir o engajamento do p\u00fablico ao longo da temporada. Problemas t\u00e9cnicos e falhas de comunica\u00e7\u00e3o, quando acontecem nesse momento inicial, tendem a impactar diretamente a percep\u00e7\u00e3o da audi\u00eancia.<\/p>\n\n\n\n<p>Apesar das cr\u00edticas, o volume de men\u00e7\u00f5es nas redes indica que a atra\u00e7\u00e3o conseguiu gerar interesse e visibilidade. Agora, a expectativa gira em torno dos pr\u00f3ximos epis\u00f3dios e de poss\u00edveis ajustes na produ\u00e7\u00e3o para corrigir os problemas apresentados na estreia.<\/p>\n\n\n\n<p>A continuidade do programa deve mostrar se \u201cA Casa do Patr\u00e3o\u201d conseguir\u00e1 reverter a primeira impress\u00e3o negativa ou se os erros iniciais continuar\u00e3o marcando sua trajet\u00f3ria na grade da emissora.<\/p>\n","protected":false},"excerpt":{"rendered":"<p>A estreia do reality show \u201cA Casa do Patr\u00e3o\u201d, da Record, foi marcada por uma sequ\u00eancia de falhas que transformaram o primeiro epis\u00f3dio em um dos assuntos mais comentados da televis\u00e3o brasileira. Exibido ao vivo, o programa apresentou problemas de condu\u00e7\u00e3o, erros de informa\u00e7\u00e3o e um desfecho considerado confuso pelo p\u00fablico. Entre os principais pontos \u2026<\/p>\n","protected":false},"author":2,"featured_media":2884,"comment_status":"closed","ping_status":"open","sticky":false,"template":"","format":"standard","meta":{"footnotes":""},"categories":[46],"tags":[],"class_list":["post-2885","post","type-post","status-publish","format-standard","has-post-thumbnail","hentry","category-tv"],"featured_image_urls":{"full":["https:\/\/famatv.com.br\/wp-content\/uploads\/2026\/04\/99e381a8-7039-4845-8160-93eeeffe2ec3.jpg",974,647,false],"thumbnail":["https:\/\/famatv.com.br\/wp-content\/uploads\/2026\/04\/99e381a8-7039-4845-8160-93eeeffe2ec3-150x150.jpg",150,150,true],"medium":["https:\/\/famatv.com.br\/wp-content\/uploads\/2026\/04\/99e381a8-7039-4845-8160-93eeeffe2ec3-300x199.jpg",300,199,true],"medium_large":["https:\/\/famatv.com.br\/wp-content\/uploads\/2026\/04\/99e381a8-7039-4845-8160-93eeeffe2ec3-768x510.jpg",768,510,true],"large":["https:\/\/famatv.com.br\/wp-content\/uploads\/2026\/04\/99e381a8-7039-4845-8160-93eeeffe2ec3.jpg",974,647,false],"1536x1536":["https:\/\/famatv.com.br\/wp-content\/uploads\/2026\/04\/99e381a8-7039-4845-8160-93eeeffe2ec3.jpg",974,647,false],"2048x2048":["https:\/\/famatv.com.br\/wp-content\/uploads\/2026\/04\/99e381a8-7039-4845-8160-93eeeffe2ec3.jpg",974,647,false]},"author_info":{"info":["assessoriadefamosos"]},"category_info":"<a href=\"https:\/\/famatv.com.br\/index.php\/category\/tv\/\" rel=\"category tag\">TV<\/a>","tag_info":"TV","comment_count":"0","_links":{"self":[{"href":"https:\/\/famatv.com.br\/index.php\/wp-json\/wp\/v2\/posts\/2885","targetHints":{"allow":["GET"]}}],"collection":[{"href":"https:\/\/famatv.com.br\/index.php\/wp-json\/wp\/v2\/posts"}],"about":[{"href":"https:\/\/famatv.com.br\/index.php\/wp-json\/wp\/v2\/types\/post"}],"author":[{"embeddable":true,"href":"https:\/\/famatv.com.br\/index.php\/wp-json\/wp\/v2\/users\/2"}],"replies":[{"embeddable":true,"href":"https:\/\/famatv.com.br\/index.php\/wp-json\/wp\/v2\/comments?post=2885"}],"version-history":[{"count":1,"href":"https:\/\/famatv.com.br\/index.php\/wp-json\/wp\/v2\/posts\/2885\/revisions"}],"predecessor-version":[{"id":2886,"href":"https:\/\/famatv.com.br\/index.php\/wp-json\/wp\/v2\/posts\/2885\/revisions\/2886"}],"wp:featuredmedia":[{"embeddable":true,"href":"https:\/\/famatv.com.br\/index.php\/wp-json\/wp\/v2\/media\/2884"}],"wp:attachment":[{"href":"https:\/\/famatv.com.br\/index.php\/wp-json\/wp\/v2\/media?parent=2885"}],"wp:term":[{"taxonomy":"category","embeddable":true,"href":"https:\/\/famatv.com.br\/index.php\/wp-json\/wp\/v2\/categories?post=2885"},{"taxonomy":"post_tag","embeddable":true,"href":"https:\/\/famatv.com.br\/index.php\/wp-json\/wp\/v2\/tags?post=2885"}],"curies":[{"name":"wp","href":"https:\/\/api.w.org\/{rel}","templated":true}]}}