{"id":2888,"date":"2026-04-29T04:04:54","date_gmt":"2026-04-29T04:04:54","guid":{"rendered":"https:\/\/famatv.com.br\/?p=2888"},"modified":"2026-04-29T04:04:54","modified_gmt":"2026-04-29T04:04:54","slug":"byd-aposta-em-picape-mako-para-ampliar-presenca-no-brasil","status":"publish","type":"post","link":"https:\/\/famatv.com.br\/index.php\/2026\/04\/29\/byd-aposta-em-picape-mako-para-ampliar-presenca-no-brasil\/","title":{"rendered":"BYD aposta em picape \u201cMako\u201d para ampliar presen\u00e7a no Brasil"},"content":{"rendered":"\n<p>A BYD prepara um novo passo em sua expans\u00e3o no Brasil com o lan\u00e7amento de uma picape m\u00e9dia-compacta. O modelo, que chegar\u00e1 ao mercado em setembro, foi batizado de <strong>BYD Mako<\/strong>, nome inspirado no tubar\u00e3o conhecido por sua velocidade e desempenho.<\/p>\n\n\n\n<p>A escolha refor\u00e7a o posicionamento que a montadora pretende adotar no segmento: um ve\u00edculo com proposta din\u00e2mica, forte presen\u00e7a visual e foco em competitividade. A picape ser\u00e1 inserida em uma categoria estrat\u00e9gica, que re\u00fane modelos consolidados e de alta demanda no pa\u00eds.<\/p>\n\n\n\n<p>Al\u00e9m do nome e da proposta, outro destaque \u00e9 a produ\u00e7\u00e3o local. A Mako ser\u00e1 fabricada em Cama\u00e7ari, na Bahia, polo industrial que vem sendo estruturado como base da opera\u00e7\u00e3o da BYD no Brasil. A nacionaliza\u00e7\u00e3o do modelo deve contribuir para redu\u00e7\u00e3o de custos, maior efici\u00eancia log\u00edstica e resposta mais r\u00e1pida \u00e0s necessidades do mercado.<\/p>\n\n\n\n<p>O segmento de picapes m\u00e9dias-compactas \u00e9 considerado um dos mais disputados do setor automotivo brasileiro. Atualmente, re\u00fane ve\u00edculos que equilibram uso urbano e utilit\u00e1rio, atraindo consumidores que buscam versatilidade no dia a dia.<\/p>\n\n\n\n<p>Com a Mako, a BYD entra diretamente nessa concorr\u00eancia, apostando em tecnologia e produ\u00e7\u00e3o nacional como diferenciais. A movimenta\u00e7\u00e3o tamb\u00e9m indica um avan\u00e7o estrat\u00e9gico da montadora, que amplia sua atua\u00e7\u00e3o para al\u00e9m dos ve\u00edculos el\u00e9tricos de passeio e passa a disputar espa\u00e7o em uma categoria tradicionalmente dominada por marcas j\u00e1 estabelecidas.<\/p>\n\n\n\n<p>A expectativa \u00e9 que mais detalhes sobre motoriza\u00e7\u00e3o, equipamentos e vers\u00f5es sejam divulgados nas pr\u00f3ximas semanas, \u00e0 medida que o lan\u00e7amento se aproxima.<\/p>\n","protected":false},"excerpt":{"rendered":"<p>A BYD prepara um novo passo em sua expans\u00e3o no Brasil com o lan\u00e7amento de uma picape m\u00e9dia-compacta. O modelo, que chegar\u00e1 ao mercado em setembro, foi batizado de BYD Mako, nome inspirado no tubar\u00e3o conhecido por sua velocidade e desempenho. A escolha refor\u00e7a o posicionamento que a montadora pretende adotar no segmento: um ve\u00edculo \u2026<\/p>\n","protected":false},"author":2,"featured_media":2887,"comment_status":"closed","ping_status":"open","sticky":false,"template":"","format":"standard","meta":{"footnotes":""},"categories":[33],"tags":[],"class_list":["post-2888","post","type-post","status-publish","format-standard","has-post-thumbnail","hentry","category-geral"],"featured_image_urls":{"full":["https:\/\/famatv.com.br\/wp-content\/uploads\/2026\/04\/106bcb18-0c0a-4c55-b291-5eb8d09a272c.jpg",1196,774,false],"thumbnail":["https:\/\/famatv.com.br\/wp-content\/uploads\/2026\/04\/106bcb18-0c0a-4c55-b291-5eb8d09a272c-150x150.jpg",150,150,true],"medium":["https:\/\/famatv.com.br\/wp-content\/uploads\/2026\/04\/106bcb18-0c0a-4c55-b291-5eb8d09a272c-300x194.jpg",300,194,true],"medium_large":["https:\/\/famatv.com.br\/wp-content\/uploads\/2026\/04\/106bcb18-0c0a-4c55-b291-5eb8d09a272c-768x497.jpg",768,497,true],"large":["https:\/\/famatv.com.br\/wp-content\/uploads\/2026\/04\/106bcb18-0c0a-4c55-b291-5eb8d09a272c-1024x663.jpg",1024,663,true],"1536x1536":["https:\/\/famatv.com.br\/wp-content\/uploads\/2026\/04\/106bcb18-0c0a-4c55-b291-5eb8d09a272c.jpg",1196,774,false],"2048x2048":["https:\/\/famatv.com.br\/wp-content\/uploads\/2026\/04\/106bcb18-0c0a-4c55-b291-5eb8d09a272c.jpg",1196,774,false]},"author_info":{"info":["assessoriadefamosos"]},"category_info":"<a href=\"https:\/\/famatv.com.br\/index.php\/category\/geral\/\" rel=\"category tag\">Geral<\/a>","tag_info":"Geral","comment_count":"0","_links":{"self":[{"href":"https:\/\/famatv.com.br\/index.php\/wp-json\/wp\/v2\/posts\/2888","targetHints":{"allow":["GET"]}}],"collection":[{"href":"https:\/\/famatv.com.br\/index.php\/wp-json\/wp\/v2\/posts"}],"about":[{"href":"https:\/\/famatv.com.br\/index.php\/wp-json\/wp\/v2\/types\/post"}],"author":[{"embeddable":true,"href":"https:\/\/famatv.com.br\/index.php\/wp-json\/wp\/v2\/users\/2"}],"replies":[{"embeddable":true,"href":"https:\/\/famatv.com.br\/index.php\/wp-json\/wp\/v2\/comments?post=2888"}],"version-history":[{"count":1,"href":"https:\/\/famatv.com.br\/index.php\/wp-json\/wp\/v2\/posts\/2888\/revisions"}],"predecessor-version":[{"id":2889,"href":"https:\/\/famatv.com.br\/index.php\/wp-json\/wp\/v2\/posts\/2888\/revisions\/2889"}],"wp:featuredmedia":[{"embeddable":true,"href":"https:\/\/famatv.com.br\/index.php\/wp-json\/wp\/v2\/media\/2887"}],"wp:attachment":[{"href":"https:\/\/famatv.com.br\/index.php\/wp-json\/wp\/v2\/media?parent=2888"}],"wp:term":[{"taxonomy":"category","embeddable":true,"href":"https:\/\/famatv.com.br\/index.php\/wp-json\/wp\/v2\/categories?post=2888"},{"taxonomy":"post_tag","embeddable":true,"href":"https:\/\/famatv.com.br\/index.php\/wp-json\/wp\/v2\/tags?post=2888"}],"curies":[{"name":"wp","href":"https:\/\/api.w.org\/{rel}","templated":true}]}}