{"id":2903,"date":"2026-04-29T04:29:07","date_gmt":"2026-04-29T04:29:07","guid":{"rendered":"https:\/\/famatv.com.br\/?p=2903"},"modified":"2026-04-29T04:29:07","modified_gmt":"2026-04-29T04:29:07","slug":"novo-erro-de-leandro-hassum-ao-vivo-volta-a-repercutir-e-alimenta-criticas-ao-reality","status":"publish","type":"post","link":"https:\/\/famatv.com.br\/index.php\/2026\/04\/29\/novo-erro-de-leandro-hassum-ao-vivo-volta-a-repercutir-e-alimenta-criticas-ao-reality\/","title":{"rendered":"Novo erro de Leandro Hassum ao vivo volta a repercutir e alimenta cr\u00edticas ao reality"},"content":{"rendered":"\n<p>O apresentador Leandro Hassum voltou a protagonizar um momento que repercutiu nas redes sociais ap\u00f3s mais um erro durante a exibi\u00e7\u00e3o ao vivo do reality <em>A Casa do Patr\u00e3o<\/em>, da Record.<\/p>\n\n\n\n<p>Desta vez, durante conversa com um participante, Hassum utilizou o termo \u201cl\u00edder\u201d \u2014 associado a outro formato de reality show \u2014 em vez de \u201cpatr\u00e3o\u201d, nomenclatura oficial da atra\u00e7\u00e3o. Embora tenha se corrigido rapidamente, o equ\u00edvoco foi suficiente para gerar coment\u00e1rios imediatos entre os espectadores.<\/p>\n\n\n\n<p>O epis\u00f3dio se soma a outras falhas registradas desde a estreia do programa, que j\u00e1 vinha sendo alvo de cr\u00edticas por parte do p\u00fablico. Nas redes sociais, internautas reagiram com ironia e tamb\u00e9m com questionamentos sobre a condu\u00e7\u00e3o do reality.<\/p>\n\n\n\n<p>Por outro lado, houve quem relativizasse o erro, destacando a press\u00e3o e os desafios de apresenta\u00e7\u00f5es ao vivo, onde imprevistos podem acontecer.<\/p>\n\n\n\n<p>Mesmo com as cr\u00edticas, <em>A Casa do Patr\u00e3o<\/em> segue entre os assuntos mais comentados, impulsionado tanto pelas din\u00e2micas do jogo quanto pelos momentos fora do roteiro.<\/p>\n","protected":false},"excerpt":{"rendered":"<p>O apresentador Leandro Hassum voltou a protagonizar um momento que repercutiu nas redes sociais ap\u00f3s mais um erro durante a exibi\u00e7\u00e3o ao vivo do reality A Casa do Patr\u00e3o, da Record. Desta vez, durante conversa com um participante, Hassum utilizou o termo \u201cl\u00edder\u201d \u2014 associado a outro formato de reality show \u2014 em vez de \u2026<\/p>\n","protected":false},"author":2,"featured_media":2902,"comment_status":"closed","ping_status":"open","sticky":false,"template":"","format":"standard","meta":{"footnotes":""},"categories":[32],"tags":[],"class_list":["post-2903","post","type-post","status-publish","format-standard","has-post-thumbnail","hentry","category-famosos"],"featured_image_urls":{"full":["https:\/\/famatv.com.br\/wp-content\/uploads\/2026\/04\/e29405bc-48eb-4749-9c88-e60a50f1fab9.jpg",974,702,false],"thumbnail":["https:\/\/famatv.com.br\/wp-content\/uploads\/2026\/04\/e29405bc-48eb-4749-9c88-e60a50f1fab9-150x150.jpg",150,150,true],"medium":["https:\/\/famatv.com.br\/wp-content\/uploads\/2026\/04\/e29405bc-48eb-4749-9c88-e60a50f1fab9-300x216.jpg",300,216,true],"medium_large":["https:\/\/famatv.com.br\/wp-content\/uploads\/2026\/04\/e29405bc-48eb-4749-9c88-e60a50f1fab9-768x554.jpg",768,554,true],"large":["https:\/\/famatv.com.br\/wp-content\/uploads\/2026\/04\/e29405bc-48eb-4749-9c88-e60a50f1fab9.jpg",974,702,false],"1536x1536":["https:\/\/famatv.com.br\/wp-content\/uploads\/2026\/04\/e29405bc-48eb-4749-9c88-e60a50f1fab9.jpg",974,702,false],"2048x2048":["https:\/\/famatv.com.br\/wp-content\/uploads\/2026\/04\/e29405bc-48eb-4749-9c88-e60a50f1fab9.jpg",974,702,false]},"author_info":{"info":["assessoriadefamosos"]},"category_info":"<a href=\"https:\/\/famatv.com.br\/index.php\/category\/famosos\/\" rel=\"category tag\">Famosos<\/a>","tag_info":"Famosos","comment_count":"0","_links":{"self":[{"href":"https:\/\/famatv.com.br\/index.php\/wp-json\/wp\/v2\/posts\/2903","targetHints":{"allow":["GET"]}}],"collection":[{"href":"https:\/\/famatv.com.br\/index.php\/wp-json\/wp\/v2\/posts"}],"about":[{"href":"https:\/\/famatv.com.br\/index.php\/wp-json\/wp\/v2\/types\/post"}],"author":[{"embeddable":true,"href":"https:\/\/famatv.com.br\/index.php\/wp-json\/wp\/v2\/users\/2"}],"replies":[{"embeddable":true,"href":"https:\/\/famatv.com.br\/index.php\/wp-json\/wp\/v2\/comments?post=2903"}],"version-history":[{"count":1,"href":"https:\/\/famatv.com.br\/index.php\/wp-json\/wp\/v2\/posts\/2903\/revisions"}],"predecessor-version":[{"id":2904,"href":"https:\/\/famatv.com.br\/index.php\/wp-json\/wp\/v2\/posts\/2903\/revisions\/2904"}],"wp:featuredmedia":[{"embeddable":true,"href":"https:\/\/famatv.com.br\/index.php\/wp-json\/wp\/v2\/media\/2902"}],"wp:attachment":[{"href":"https:\/\/famatv.com.br\/index.php\/wp-json\/wp\/v2\/media?parent=2903"}],"wp:term":[{"taxonomy":"category","embeddable":true,"href":"https:\/\/famatv.com.br\/index.php\/wp-json\/wp\/v2\/categories?post=2903"},{"taxonomy":"post_tag","embeddable":true,"href":"https:\/\/famatv.com.br\/index.php\/wp-json\/wp\/v2\/tags?post=2903"}],"curies":[{"name":"wp","href":"https:\/\/api.w.org\/{rel}","templated":true}]}}