{"id":2915,"date":"2026-04-29T04:46:23","date_gmt":"2026-04-29T04:46:23","guid":{"rendered":"https:\/\/famatv.com.br\/?p=2915"},"modified":"2026-04-29T04:46:23","modified_gmt":"2026-04-29T04:46:23","slug":"silencio-de-deolane-em-meio-a-polemica-viral-levanta-expectativa-nas-redes","status":"publish","type":"post","link":"https:\/\/famatv.com.br\/index.php\/2026\/04\/29\/silencio-de-deolane-em-meio-a-polemica-viral-levanta-expectativa-nas-redes\/","title":{"rendered":"Sil\u00eancio de Deolane em meio a pol\u00eamica viral levanta expectativa nas redes"},"content":{"rendered":"\n<p>A decis\u00e3o de Deolane Bezerra de n\u00e3o comentar diretamente uma das principais pol\u00eamicas do momento chamou aten\u00e7\u00e3o nas redes sociais. Conhecida por seu posicionamento firme, a influenciadora surpreendeu ao afirmar que, desta vez, optar\u00e1 por n\u00e3o se envolver.<\/p>\n\n\n\n<p>A postura gerou forte repercuss\u00e3o e levantou d\u00favidas entre seguidores, que aguardam um poss\u00edvel posicionamento mais direto. Parte do p\u00fablico interpretou a atitude como estrat\u00e9gica, enquanto outros demonstraram curiosidade sobre os pr\u00f3ximos passos.<\/p>\n\n\n\n<p>O epis\u00f3dio refor\u00e7a o papel de influenciadores digitais na amplifica\u00e7\u00e3o de debates e mostra como at\u00e9 o sil\u00eancio pode gerar grande impacto nas redes sociais.<\/p>\n\n\n\n<p>At\u00e9 o momento, Deolane n\u00e3o indicou se pretende comentar o assunto futuramente.<\/p>\n","protected":false},"excerpt":{"rendered":"<p>A decis\u00e3o de Deolane Bezerra de n\u00e3o comentar diretamente uma das principais pol\u00eamicas do momento chamou aten\u00e7\u00e3o nas redes sociais. Conhecida por seu posicionamento firme, a influenciadora surpreendeu ao afirmar que, desta vez, optar\u00e1 por n\u00e3o se envolver. A postura gerou forte repercuss\u00e3o e levantou d\u00favidas entre seguidores, que aguardam um poss\u00edvel posicionamento mais direto. \u2026<\/p>\n","protected":false},"author":2,"featured_media":2914,"comment_status":"closed","ping_status":"open","sticky":false,"template":"","format":"standard","meta":{"footnotes":""},"categories":[32],"tags":[],"class_list":["post-2915","post","type-post","status-publish","format-standard","has-post-thumbnail","hentry","category-famosos"],"featured_image_urls":{"full":["https:\/\/famatv.com.br\/wp-content\/uploads\/2026\/04\/9aa74bef-123d-4508-b6e4-8ba71ab1eb05.jpg",1189,964,false],"thumbnail":["https:\/\/famatv.com.br\/wp-content\/uploads\/2026\/04\/9aa74bef-123d-4508-b6e4-8ba71ab1eb05-150x150.jpg",150,150,true],"medium":["https:\/\/famatv.com.br\/wp-content\/uploads\/2026\/04\/9aa74bef-123d-4508-b6e4-8ba71ab1eb05-300x243.jpg",300,243,true],"medium_large":["https:\/\/famatv.com.br\/wp-content\/uploads\/2026\/04\/9aa74bef-123d-4508-b6e4-8ba71ab1eb05-768x623.jpg",768,623,true],"large":["https:\/\/famatv.com.br\/wp-content\/uploads\/2026\/04\/9aa74bef-123d-4508-b6e4-8ba71ab1eb05-1024x830.jpg",1024,830,true],"1536x1536":["https:\/\/famatv.com.br\/wp-content\/uploads\/2026\/04\/9aa74bef-123d-4508-b6e4-8ba71ab1eb05.jpg",1189,964,false],"2048x2048":["https:\/\/famatv.com.br\/wp-content\/uploads\/2026\/04\/9aa74bef-123d-4508-b6e4-8ba71ab1eb05.jpg",1189,964,false]},"author_info":{"info":["assessoriadefamosos"]},"category_info":"<a href=\"https:\/\/famatv.com.br\/index.php\/category\/famosos\/\" rel=\"category tag\">Famosos<\/a>","tag_info":"Famosos","comment_count":"0","_links":{"self":[{"href":"https:\/\/famatv.com.br\/index.php\/wp-json\/wp\/v2\/posts\/2915","targetHints":{"allow":["GET"]}}],"collection":[{"href":"https:\/\/famatv.com.br\/index.php\/wp-json\/wp\/v2\/posts"}],"about":[{"href":"https:\/\/famatv.com.br\/index.php\/wp-json\/wp\/v2\/types\/post"}],"author":[{"embeddable":true,"href":"https:\/\/famatv.com.br\/index.php\/wp-json\/wp\/v2\/users\/2"}],"replies":[{"embeddable":true,"href":"https:\/\/famatv.com.br\/index.php\/wp-json\/wp\/v2\/comments?post=2915"}],"version-history":[{"count":1,"href":"https:\/\/famatv.com.br\/index.php\/wp-json\/wp\/v2\/posts\/2915\/revisions"}],"predecessor-version":[{"id":2916,"href":"https:\/\/famatv.com.br\/index.php\/wp-json\/wp\/v2\/posts\/2915\/revisions\/2916"}],"wp:featuredmedia":[{"embeddable":true,"href":"https:\/\/famatv.com.br\/index.php\/wp-json\/wp\/v2\/media\/2914"}],"wp:attachment":[{"href":"https:\/\/famatv.com.br\/index.php\/wp-json\/wp\/v2\/media?parent=2915"}],"wp:term":[{"taxonomy":"category","embeddable":true,"href":"https:\/\/famatv.com.br\/index.php\/wp-json\/wp\/v2\/categories?post=2915"},{"taxonomy":"post_tag","embeddable":true,"href":"https:\/\/famatv.com.br\/index.php\/wp-json\/wp\/v2\/tags?post=2915"}],"curies":[{"name":"wp","href":"https:\/\/api.w.org\/{rel}","templated":true}]}}