{"id":2927,"date":"2026-04-29T05:04:05","date_gmt":"2026-04-29T05:04:05","guid":{"rendered":"https:\/\/famatv.com.br\/?p=2927"},"modified":"2026-04-29T05:04:05","modified_gmt":"2026-04-29T05:04:05","slug":"pronunciamento-de-anderson-neiff-repercute-e-gera-apoio-nas-redes","status":"publish","type":"post","link":"https:\/\/famatv.com.br\/index.php\/2026\/04\/29\/pronunciamento-de-anderson-neiff-repercute-e-gera-apoio-nas-redes\/","title":{"rendered":"Pronunciamento de Anderson Neiff repercute e gera apoio nas redes"},"content":{"rendered":"\n<p>O recente pronunciamento de Anderson Neiff voltou a colocar o cantor entre os assuntos mais comentados nas redes sociais. Ap\u00f3s o epis\u00f3dio de viol\u00eancia que enfrentou, ele utilizou suas plataformas para tranquilizar o p\u00fablico e reafirmar seus planos profissionais.<\/p>\n\n\n\n<p>Segundo o artista, a inten\u00e7\u00e3o \u00e9 manter a agenda de shows e seguir com os compromissos j\u00e1 assumidos, demonstrando determina\u00e7\u00e3o em continuar sua trajet\u00f3ria musical.<\/p>\n\n\n\n<p>A repercuss\u00e3o foi marcada por uma onda de solidariedade, com f\u00e3s destacando a import\u00e2ncia do apoio coletivo em momentos dif\u00edceis.<\/p>\n\n\n\n<p>O caso evidencia como figuras p\u00fablicas utilizam as redes sociais para se comunicar diretamente com o p\u00fablico e administrar momentos de crise.<\/p>\n","protected":false},"excerpt":{"rendered":"<p>O recente pronunciamento de Anderson Neiff voltou a colocar o cantor entre os assuntos mais comentados nas redes sociais. Ap\u00f3s o epis\u00f3dio de viol\u00eancia que enfrentou, ele utilizou suas plataformas para tranquilizar o p\u00fablico e reafirmar seus planos profissionais. Segundo o artista, a inten\u00e7\u00e3o \u00e9 manter a agenda de shows e seguir com os compromissos \u2026<\/p>\n","protected":false},"author":2,"featured_media":2926,"comment_status":"closed","ping_status":"open","sticky":false,"template":"","format":"standard","meta":{"footnotes":""},"categories":[32],"tags":[],"class_list":["post-2927","post","type-post","status-publish","format-standard","has-post-thumbnail","hentry","category-famosos"],"featured_image_urls":{"full":["https:\/\/famatv.com.br\/wp-content\/uploads\/2026\/04\/f43f1296-2f06-46cc-b65b-291a78f80c68.jpg",1204,851,false],"thumbnail":["https:\/\/famatv.com.br\/wp-content\/uploads\/2026\/04\/f43f1296-2f06-46cc-b65b-291a78f80c68-150x150.jpg",150,150,true],"medium":["https:\/\/famatv.com.br\/wp-content\/uploads\/2026\/04\/f43f1296-2f06-46cc-b65b-291a78f80c68-300x212.jpg",300,212,true],"medium_large":["https:\/\/famatv.com.br\/wp-content\/uploads\/2026\/04\/f43f1296-2f06-46cc-b65b-291a78f80c68-768x543.jpg",768,543,true],"large":["https:\/\/famatv.com.br\/wp-content\/uploads\/2026\/04\/f43f1296-2f06-46cc-b65b-291a78f80c68-1024x724.jpg",1024,724,true],"1536x1536":["https:\/\/famatv.com.br\/wp-content\/uploads\/2026\/04\/f43f1296-2f06-46cc-b65b-291a78f80c68.jpg",1204,851,false],"2048x2048":["https:\/\/famatv.com.br\/wp-content\/uploads\/2026\/04\/f43f1296-2f06-46cc-b65b-291a78f80c68.jpg",1204,851,false]},"author_info":{"info":["assessoriadefamosos"]},"category_info":"<a href=\"https:\/\/famatv.com.br\/index.php\/category\/famosos\/\" rel=\"category tag\">Famosos<\/a>","tag_info":"Famosos","comment_count":"0","_links":{"self":[{"href":"https:\/\/famatv.com.br\/index.php\/wp-json\/wp\/v2\/posts\/2927","targetHints":{"allow":["GET"]}}],"collection":[{"href":"https:\/\/famatv.com.br\/index.php\/wp-json\/wp\/v2\/posts"}],"about":[{"href":"https:\/\/famatv.com.br\/index.php\/wp-json\/wp\/v2\/types\/post"}],"author":[{"embeddable":true,"href":"https:\/\/famatv.com.br\/index.php\/wp-json\/wp\/v2\/users\/2"}],"replies":[{"embeddable":true,"href":"https:\/\/famatv.com.br\/index.php\/wp-json\/wp\/v2\/comments?post=2927"}],"version-history":[{"count":1,"href":"https:\/\/famatv.com.br\/index.php\/wp-json\/wp\/v2\/posts\/2927\/revisions"}],"predecessor-version":[{"id":2928,"href":"https:\/\/famatv.com.br\/index.php\/wp-json\/wp\/v2\/posts\/2927\/revisions\/2928"}],"wp:featuredmedia":[{"embeddable":true,"href":"https:\/\/famatv.com.br\/index.php\/wp-json\/wp\/v2\/media\/2926"}],"wp:attachment":[{"href":"https:\/\/famatv.com.br\/index.php\/wp-json\/wp\/v2\/media?parent=2927"}],"wp:term":[{"taxonomy":"category","embeddable":true,"href":"https:\/\/famatv.com.br\/index.php\/wp-json\/wp\/v2\/categories?post=2927"},{"taxonomy":"post_tag","embeddable":true,"href":"https:\/\/famatv.com.br\/index.php\/wp-json\/wp\/v2\/tags?post=2927"}],"curies":[{"name":"wp","href":"https:\/\/api.w.org\/{rel}","templated":true}]}}