{"id":2933,"date":"2026-04-29T05:13:49","date_gmt":"2026-04-29T05:13:49","guid":{"rendered":"https:\/\/famatv.com.br\/?p=2933"},"modified":"2026-04-29T05:13:49","modified_gmt":"2026-04-29T05:13:49","slug":"entrega-de-trofeus-a-bonner-reacende-debate-sobre-carreira-e-reconhecimento","status":"publish","type":"post","link":"https:\/\/famatv.com.br\/index.php\/2026\/04\/29\/entrega-de-trofeus-a-bonner-reacende-debate-sobre-carreira-e-reconhecimento\/","title":{"rendered":"Entrega de trof\u00e9us a Bonner reacende debate sobre carreira e reconhecimento"},"content":{"rendered":"\n<p>A recente entrega dos Trof\u00e9us Imprensa a William Bonner reacendeu discuss\u00f5es sobre valoriza\u00e7\u00e3o profissional e restri\u00e7\u00f5es no ambiente corporativo. O apresentador, que acumulou premia\u00e7\u00f5es ao longo de d\u00e9cadas, s\u00f3 agora p\u00f4de receb\u00ea-las oficialmente.<\/p>\n\n\n\n<p>O epis\u00f3dio gerou identifica\u00e7\u00e3o entre internautas, que compararam a situa\u00e7\u00e3o com experi\u00eancias pessoais no mercado de trabalho, especialmente relacionadas \u00e0 falta de reconhecimento e limita\u00e7\u00f5es de crescimento.<\/p>\n\n\n\n<p>Especialistas apontam que casos como esse evidenciam desafios enfrentados por profissionais em grandes institui\u00e7\u00f5es, onde regras e contratos podem impactar diretamente o reconhecimento p\u00fablico.<\/p>\n\n\n\n<p>A repercuss\u00e3o mostra como hist\u00f3rias envolvendo figuras conhecidas podem ampliar debates sobre temas comuns a diferentes \u00e1reas profissionais.<\/p>\n","protected":false},"excerpt":{"rendered":"<p>A recente entrega dos Trof\u00e9us Imprensa a William Bonner reacendeu discuss\u00f5es sobre valoriza\u00e7\u00e3o profissional e restri\u00e7\u00f5es no ambiente corporativo. O apresentador, que acumulou premia\u00e7\u00f5es ao longo de d\u00e9cadas, s\u00f3 agora p\u00f4de receb\u00ea-las oficialmente. O epis\u00f3dio gerou identifica\u00e7\u00e3o entre internautas, que compararam a situa\u00e7\u00e3o com experi\u00eancias pessoais no mercado de trabalho, especialmente relacionadas \u00e0 falta de \u2026<\/p>\n","protected":false},"author":2,"featured_media":2932,"comment_status":"closed","ping_status":"open","sticky":false,"template":"","format":"standard","meta":{"footnotes":""},"categories":[32],"tags":[],"class_list":["post-2933","post","type-post","status-publish","format-standard","has-post-thumbnail","hentry","category-famosos"],"featured_image_urls":{"full":["https:\/\/famatv.com.br\/wp-content\/uploads\/2026\/04\/d5c6ab40-a755-4d08-a233-9cd8f5bc32e4.jpg",974,752,false],"thumbnail":["https:\/\/famatv.com.br\/wp-content\/uploads\/2026\/04\/d5c6ab40-a755-4d08-a233-9cd8f5bc32e4-150x150.jpg",150,150,true],"medium":["https:\/\/famatv.com.br\/wp-content\/uploads\/2026\/04\/d5c6ab40-a755-4d08-a233-9cd8f5bc32e4-300x232.jpg",300,232,true],"medium_large":["https:\/\/famatv.com.br\/wp-content\/uploads\/2026\/04\/d5c6ab40-a755-4d08-a233-9cd8f5bc32e4-768x593.jpg",768,593,true],"large":["https:\/\/famatv.com.br\/wp-content\/uploads\/2026\/04\/d5c6ab40-a755-4d08-a233-9cd8f5bc32e4.jpg",974,752,false],"1536x1536":["https:\/\/famatv.com.br\/wp-content\/uploads\/2026\/04\/d5c6ab40-a755-4d08-a233-9cd8f5bc32e4.jpg",974,752,false],"2048x2048":["https:\/\/famatv.com.br\/wp-content\/uploads\/2026\/04\/d5c6ab40-a755-4d08-a233-9cd8f5bc32e4.jpg",974,752,false]},"author_info":{"info":["assessoriadefamosos"]},"category_info":"<a href=\"https:\/\/famatv.com.br\/index.php\/category\/famosos\/\" rel=\"category tag\">Famosos<\/a>","tag_info":"Famosos","comment_count":"0","_links":{"self":[{"href":"https:\/\/famatv.com.br\/index.php\/wp-json\/wp\/v2\/posts\/2933","targetHints":{"allow":["GET"]}}],"collection":[{"href":"https:\/\/famatv.com.br\/index.php\/wp-json\/wp\/v2\/posts"}],"about":[{"href":"https:\/\/famatv.com.br\/index.php\/wp-json\/wp\/v2\/types\/post"}],"author":[{"embeddable":true,"href":"https:\/\/famatv.com.br\/index.php\/wp-json\/wp\/v2\/users\/2"}],"replies":[{"embeddable":true,"href":"https:\/\/famatv.com.br\/index.php\/wp-json\/wp\/v2\/comments?post=2933"}],"version-history":[{"count":1,"href":"https:\/\/famatv.com.br\/index.php\/wp-json\/wp\/v2\/posts\/2933\/revisions"}],"predecessor-version":[{"id":2934,"href":"https:\/\/famatv.com.br\/index.php\/wp-json\/wp\/v2\/posts\/2933\/revisions\/2934"}],"wp:featuredmedia":[{"embeddable":true,"href":"https:\/\/famatv.com.br\/index.php\/wp-json\/wp\/v2\/media\/2932"}],"wp:attachment":[{"href":"https:\/\/famatv.com.br\/index.php\/wp-json\/wp\/v2\/media?parent=2933"}],"wp:term":[{"taxonomy":"category","embeddable":true,"href":"https:\/\/famatv.com.br\/index.php\/wp-json\/wp\/v2\/categories?post=2933"},{"taxonomy":"post_tag","embeddable":true,"href":"https:\/\/famatv.com.br\/index.php\/wp-json\/wp\/v2\/tags?post=2933"}],"curies":[{"name":"wp","href":"https:\/\/api.w.org\/{rel}","templated":true}]}}