{"id":2939,"date":"2026-04-29T05:22:43","date_gmt":"2026-04-29T05:22:43","guid":{"rendered":"https:\/\/famatv.com.br\/?p=2939"},"modified":"2026-04-29T05:22:43","modified_gmt":"2026-04-29T05:22:43","slug":"filha-de-fabiano-menotti-bebela-comemora-2-anos-com-festa-intimista-e-decoracao-delicada-em-bh","status":"publish","type":"post","link":"https:\/\/famatv.com.br\/index.php\/2026\/04\/29\/filha-de-fabiano-menotti-bebela-comemora-2-anos-com-festa-intimista-e-decoracao-delicada-em-bh\/","title":{"rendered":"Filha de Fabiano Menotti, Bebela comemora 2 anos com festa intimista e decora\u00e7\u00e3o delicada em BH"},"content":{"rendered":"\n<p>O cantor Fabiano Menotti, da dupla com C\u00e9sar Menotti, comemorou de forma especial o anivers\u00e1rio de 2 anos de sua filha ca\u00e7ula, Bebela, no \u00faltimo domingo (26). A celebra\u00e7\u00e3o aconteceu na resid\u00eancia da fam\u00edlia, em Belo Horizonte (MG), reunindo amigos e familiares em um ambiente acolhedor e repleto de afeto.<\/p>\n\n\n\n<p>Ao lado da esposa, Gaby Menotti, e da filha mais velha, Juju, o artista optou por uma festa intimista, com proposta delicada e personalizada. O tema escolhido foi \u201cch\u00e1 da tarde\u201d, que trouxe uma decora\u00e7\u00e3o em tons de rosa claro, mesa posta e um clima elegante e aconchegante.<\/p>\n\n\n\n<p>A ambienta\u00e7\u00e3o ficou sob responsabilidade da decoradora Dany Caramelados, que apostou em elementos l\u00fadicos e suaves. Entre os destaques, a presen\u00e7a dos personagens Mickey e Minnie Mouse \u2014 favoritos de Bebela \u2014 encantou os convidados e trouxe ainda mais leveza \u00e0 comemora\u00e7\u00e3o.<\/p>\n\n\n\n<p>O evento tamb\u00e9m contou com produ\u00e7\u00e3o de cabelo e maquiagem, al\u00e9m de trocas de looks entre Gaby e as filhas, refor\u00e7ando o cuidado com cada detalhe da celebra\u00e7\u00e3o.<\/p>\n\n\n\n<p>Em declara\u00e7\u00e3o, Fabiano destacou a emo\u00e7\u00e3o de celebrar mais um ano de vida da filha. Segundo ele, Bebela \u00e9 uma crian\u00e7a cheia de vida, carinhosa e que ilumina tudo ao seu redor. O cantor tamb\u00e9m ressaltou o sentimento de gratid\u00e3o pela fam\u00edlia e pelo momento vivido.<\/p>\n\n\n\n<p>Mesmo com a rotina intensa de shows, Fabiano fez quest\u00e3o de organizar uma comemora\u00e7\u00e3o mais reservada, priorizando a presen\u00e7a de pessoas pr\u00f3ximas e a cria\u00e7\u00e3o de mem\u00f3rias especiais para a filha ca\u00e7ula.<\/p>\n","protected":false},"excerpt":{"rendered":"<p>O cantor Fabiano Menotti, da dupla com C\u00e9sar Menotti, comemorou de forma especial o anivers\u00e1rio de 2 anos de sua filha ca\u00e7ula, Bebela, no \u00faltimo domingo (26). A celebra\u00e7\u00e3o aconteceu na resid\u00eancia da fam\u00edlia, em Belo Horizonte (MG), reunindo amigos e familiares em um ambiente acolhedor e repleto de afeto. Ao lado da esposa, Gaby \u2026<\/p>\n","protected":false},"author":2,"featured_media":2938,"comment_status":"closed","ping_status":"open","sticky":false,"template":"","format":"standard","meta":{"footnotes":""},"categories":[32],"tags":[],"class_list":["post-2939","post","type-post","status-publish","format-standard","has-post-thumbnail","hentry","category-famosos"],"featured_image_urls":{"full":["https:\/\/famatv.com.br\/wp-content\/uploads\/2026\/04\/Captura-de-tela-2026-04-29-013854.png",738,394,false],"thumbnail":["https:\/\/famatv.com.br\/wp-content\/uploads\/2026\/04\/Captura-de-tela-2026-04-29-013854-150x150.png",150,150,true],"medium":["https:\/\/famatv.com.br\/wp-content\/uploads\/2026\/04\/Captura-de-tela-2026-04-29-013854-300x160.png",300,160,true],"medium_large":["https:\/\/famatv.com.br\/wp-content\/uploads\/2026\/04\/Captura-de-tela-2026-04-29-013854.png",738,394,false],"large":["https:\/\/famatv.com.br\/wp-content\/uploads\/2026\/04\/Captura-de-tela-2026-04-29-013854.png",738,394,false],"1536x1536":["https:\/\/famatv.com.br\/wp-content\/uploads\/2026\/04\/Captura-de-tela-2026-04-29-013854.png",738,394,false],"2048x2048":["https:\/\/famatv.com.br\/wp-content\/uploads\/2026\/04\/Captura-de-tela-2026-04-29-013854.png",738,394,false]},"author_info":{"info":["assessoriadefamosos"]},"category_info":"<a href=\"https:\/\/famatv.com.br\/index.php\/category\/famosos\/\" rel=\"category tag\">Famosos<\/a>","tag_info":"Famosos","comment_count":"0","_links":{"self":[{"href":"https:\/\/famatv.com.br\/index.php\/wp-json\/wp\/v2\/posts\/2939","targetHints":{"allow":["GET"]}}],"collection":[{"href":"https:\/\/famatv.com.br\/index.php\/wp-json\/wp\/v2\/posts"}],"about":[{"href":"https:\/\/famatv.com.br\/index.php\/wp-json\/wp\/v2\/types\/post"}],"author":[{"embeddable":true,"href":"https:\/\/famatv.com.br\/index.php\/wp-json\/wp\/v2\/users\/2"}],"replies":[{"embeddable":true,"href":"https:\/\/famatv.com.br\/index.php\/wp-json\/wp\/v2\/comments?post=2939"}],"version-history":[{"count":1,"href":"https:\/\/famatv.com.br\/index.php\/wp-json\/wp\/v2\/posts\/2939\/revisions"}],"predecessor-version":[{"id":2940,"href":"https:\/\/famatv.com.br\/index.php\/wp-json\/wp\/v2\/posts\/2939\/revisions\/2940"}],"wp:featuredmedia":[{"embeddable":true,"href":"https:\/\/famatv.com.br\/index.php\/wp-json\/wp\/v2\/media\/2938"}],"wp:attachment":[{"href":"https:\/\/famatv.com.br\/index.php\/wp-json\/wp\/v2\/media?parent=2939"}],"wp:term":[{"taxonomy":"category","embeddable":true,"href":"https:\/\/famatv.com.br\/index.php\/wp-json\/wp\/v2\/categories?post=2939"},{"taxonomy":"post_tag","embeddable":true,"href":"https:\/\/famatv.com.br\/index.php\/wp-json\/wp\/v2\/tags?post=2939"}],"curies":[{"name":"wp","href":"https:\/\/api.w.org\/{rel}","templated":true}]}}