{"id":2942,"date":"2026-04-29T05:27:38","date_gmt":"2026-04-29T05:27:38","guid":{"rendered":"https:\/\/famatv.com.br\/?p=2942"},"modified":"2026-04-29T05:27:38","modified_gmt":"2026-04-29T05:27:38","slug":"mari-fernandez-volta-as-origens-e-grava-mari-no-barzinho-em-fortaleza-com-publico-lotando-bar","status":"publish","type":"post","link":"https:\/\/famatv.com.br\/index.php\/2026\/04\/29\/mari-fernandez-volta-as-origens-e-grava-mari-no-barzinho-em-fortaleza-com-publico-lotando-bar\/","title":{"rendered":"Mari Fernandez volta \u00e0s origens e grava \u201cMari No Barzinho\u201d em Fortaleza com p\u00fablico lotando bar"},"content":{"rendered":"\n<p>Mari Fernandez escolheu Fortaleza, cidade onde iniciou sua trajet\u00f3ria musical, para gravar a nova edi\u00e7\u00e3o do projeto \u201cMari No Barzinho\u201d. O resultado foi um evento com casa cheia, marcado pela proximidade com o p\u00fablico e pela atmosfera intimista que j\u00e1 se tornou caracter\u00edstica do projeto.<\/p>\n\n\n\n<p>Desta vez, a artista foi al\u00e9m e colocou os f\u00e3s no centro da decis\u00e3o: por meio das redes sociais, abriu uma vota\u00e7\u00e3o para escolher o bar que sediaria a grava\u00e7\u00e3o. A a\u00e7\u00e3o, al\u00e9m de engajar o p\u00fablico, tamb\u00e9m trouxe visibilidade a empreendedores locais, refor\u00e7ando o impacto da iniciativa para al\u00e9m da m\u00fasica.<\/p>\n\n\n\n<p>Com um repert\u00f3rio que mistura releituras e faixas in\u00e9ditas, o projeto manteve sua ess\u00eancia descontra\u00edda, apostando na emo\u00e7\u00e3o e na conex\u00e3o direta com o p\u00fablico. A energia da plateia e o clima de celebra\u00e7\u00e3o deram o tom da grava\u00e7\u00e3o, transformando o espa\u00e7o em um verdadeiro palco de reencontro com suas ra\u00edzes.<\/p>\n\n\n\n<p>Um dos grandes destaques \u00e9 a m\u00fasica \u201cTelefone Sem Fio\u201d, que j\u00e1 come\u00e7ou a repercutir antes mesmo do lan\u00e7amento oficial. Trechos da can\u00e7\u00e3o viralizaram nas redes sociais, especialmente no Instagram e no TikTok, impulsionando trends e colocando a faixa entre as mais aguardadas do novo trabalho.<\/p>\n\n\n\n<p>Com o bar lotado e forte engajamento digital, o novo \u201cMari No Barzinho\u201d consolida a fase de crescimento de Mari Fernandez. O projeto refor\u00e7a n\u00e3o apenas sua identidade art\u00edstica, mas tamb\u00e9m sua capacidade de mobilizar f\u00e3s e transformar momentos simples em grandes acontecimentos.<\/p>\n","protected":false},"excerpt":{"rendered":"<p>Mari Fernandez escolheu Fortaleza, cidade onde iniciou sua trajet\u00f3ria musical, para gravar a nova edi\u00e7\u00e3o do projeto \u201cMari No Barzinho\u201d. O resultado foi um evento com casa cheia, marcado pela proximidade com o p\u00fablico e pela atmosfera intimista que j\u00e1 se tornou caracter\u00edstica do projeto. Desta vez, a artista foi al\u00e9m e colocou os f\u00e3s \u2026<\/p>\n","protected":false},"author":2,"featured_media":2941,"comment_status":"closed","ping_status":"open","sticky":false,"template":"","format":"standard","meta":{"footnotes":""},"categories":[32],"tags":[],"class_list":["post-2942","post","type-post","status-publish","format-standard","has-post-thumbnail","hentry","category-famosos"],"featured_image_urls":{"full":["https:\/\/famatv.com.br\/wp-content\/uploads\/2026\/04\/Captura-de-tela-2026-04-29-014143.png",404,233,false],"thumbnail":["https:\/\/famatv.com.br\/wp-content\/uploads\/2026\/04\/Captura-de-tela-2026-04-29-014143-150x150.png",150,150,true],"medium":["https:\/\/famatv.com.br\/wp-content\/uploads\/2026\/04\/Captura-de-tela-2026-04-29-014143-300x173.png",300,173,true],"medium_large":["https:\/\/famatv.com.br\/wp-content\/uploads\/2026\/04\/Captura-de-tela-2026-04-29-014143.png",404,233,false],"large":["https:\/\/famatv.com.br\/wp-content\/uploads\/2026\/04\/Captura-de-tela-2026-04-29-014143.png",404,233,false],"1536x1536":["https:\/\/famatv.com.br\/wp-content\/uploads\/2026\/04\/Captura-de-tela-2026-04-29-014143.png",404,233,false],"2048x2048":["https:\/\/famatv.com.br\/wp-content\/uploads\/2026\/04\/Captura-de-tela-2026-04-29-014143.png",404,233,false]},"author_info":{"info":["assessoriadefamosos"]},"category_info":"<a href=\"https:\/\/famatv.com.br\/index.php\/category\/famosos\/\" rel=\"category tag\">Famosos<\/a>","tag_info":"Famosos","comment_count":"0","_links":{"self":[{"href":"https:\/\/famatv.com.br\/index.php\/wp-json\/wp\/v2\/posts\/2942","targetHints":{"allow":["GET"]}}],"collection":[{"href":"https:\/\/famatv.com.br\/index.php\/wp-json\/wp\/v2\/posts"}],"about":[{"href":"https:\/\/famatv.com.br\/index.php\/wp-json\/wp\/v2\/types\/post"}],"author":[{"embeddable":true,"href":"https:\/\/famatv.com.br\/index.php\/wp-json\/wp\/v2\/users\/2"}],"replies":[{"embeddable":true,"href":"https:\/\/famatv.com.br\/index.php\/wp-json\/wp\/v2\/comments?post=2942"}],"version-history":[{"count":1,"href":"https:\/\/famatv.com.br\/index.php\/wp-json\/wp\/v2\/posts\/2942\/revisions"}],"predecessor-version":[{"id":2943,"href":"https:\/\/famatv.com.br\/index.php\/wp-json\/wp\/v2\/posts\/2942\/revisions\/2943"}],"wp:featuredmedia":[{"embeddable":true,"href":"https:\/\/famatv.com.br\/index.php\/wp-json\/wp\/v2\/media\/2941"}],"wp:attachment":[{"href":"https:\/\/famatv.com.br\/index.php\/wp-json\/wp\/v2\/media?parent=2942"}],"wp:term":[{"taxonomy":"category","embeddable":true,"href":"https:\/\/famatv.com.br\/index.php\/wp-json\/wp\/v2\/categories?post=2942"},{"taxonomy":"post_tag","embeddable":true,"href":"https:\/\/famatv.com.br\/index.php\/wp-json\/wp\/v2\/tags?post=2942"}],"curies":[{"name":"wp","href":"https:\/\/api.w.org\/{rel}","templated":true}]}}