{"id":2945,"date":"2026-04-29T05:32:36","date_gmt":"2026-04-29T05:32:36","guid":{"rendered":"https:\/\/famatv.com.br\/?p=2945"},"modified":"2026-04-29T05:32:36","modified_gmt":"2026-04-29T05:32:36","slug":"jantar-exclusivo-com-ceos-esgota-ingressos-e-impulsiona-debate-sobre-empresas-familiares-em-sao-paulo","status":"publish","type":"post","link":"https:\/\/famatv.com.br\/index.php\/2026\/04\/29\/jantar-exclusivo-com-ceos-esgota-ingressos-e-impulsiona-debate-sobre-empresas-familiares-em-sao-paulo\/","title":{"rendered":"Jantar exclusivo com CEOs esgota ingressos e impulsiona debate sobre empresas familiares em S\u00e3o Paulo"},"content":{"rendered":"\n<p>A primeira edi\u00e7\u00e3o do Conex\u00e3o CEOs, promovida pela Escola Brasileira de Empreendedorismo Feminino (EBEM), mostrou a for\u00e7a da lideran\u00e7a feminina no ambiente corporativo ao reunir cerca de 40 empres\u00e1rias e executivas em S\u00e3o Paulo. Realizado no restaurante Varanda Jardins, o jantar teve ingressos esgotados e destacou a crescente demanda por espa\u00e7os mais qualificados de conex\u00e3o no mundo dos neg\u00f3cios.<\/p>\n\n\n\n<p>Com uma proposta intimista, o encontro proporcionou um ambiente prop\u00edcio para conversas aprofundadas e networking de alto n\u00edvel. O foco da noite foi discutir os principais desafios enfrentados por empresas familiares, especialmente em temas como sucess\u00e3o, governan\u00e7a e profissionaliza\u00e7\u00e3o.<\/p>\n\n\n\n<p>O assunto ganha ainda mais relev\u00e2ncia diante de um cen\u00e1rio em que cerca de 90% das empresas brasileiras s\u00e3o familiares, mas apenas uma parcela reduzida consegue atravessar gera\u00e7\u00f5es com sucesso. Nesse contexto, iniciativas como o Conex\u00e3o CEOs surgem como importantes pontos de apoio para lideran\u00e7as que buscam estruturar melhor seus neg\u00f3cios.<\/p>\n\n\n\n<p>Entre os momentos de destaque, a participa\u00e7\u00e3o de Adriana Auriemo, CEO da Nutty Bavarian, trouxe uma vis\u00e3o pr\u00e1tica sobre a condu\u00e7\u00e3o de empresas familiares. A executiva compartilhou experi\u00eancias pessoais e ressaltou a import\u00e2ncia de rela\u00e7\u00f5es baseadas em respeito, al\u00e9m da ado\u00e7\u00e3o de processos estruturados para garantir a longevidade dos neg\u00f3cios.<\/p>\n\n\n\n<p>Idealizadora do projeto, Tatyane Luncah celebrou o sucesso da estreia e refor\u00e7ou o prop\u00f3sito da iniciativa. Segundo ela, o objetivo \u00e9 criar conex\u00f5es reais entre l\u00edderes que enfrentam desafios semelhantes, promovendo aprendizado e colabora\u00e7\u00e3o.<\/p>\n\n\n\n<p>Com forte ades\u00e3o j\u00e1 na primeira edi\u00e7\u00e3o, o Conex\u00e3o CEOs se consolida como uma plataforma relevante para o fortalecimento da lideran\u00e7a feminina no Brasil e j\u00e1 aponta para novas edi\u00e7\u00f5es, ampliando o alcance e o impacto da proposta.<\/p>\n\n\n<!-- wp:heading \"level\":3 -->\n<h3 class=\"wp-block-heading\">Sobre a EBEM<\/h3>\n<!-- \/wp:post-content -->\n\n<!-- wp:paragraph -->\n<p>Fundada por Tatyane Luncah, a Escola Brasileira de Empreendedorismo Feminino atua como um hub de educa\u00e7\u00e3o e desenvolvimento para mulheres no mundo dos neg\u00f3cios. Por meio de mentorias, eventos e programas de capacita\u00e7\u00e3o, a institui\u00e7\u00e3o conecta empres\u00e1rias de diferentes \u00e1reas, incentivando a troca de experi\u00eancias e o crescimento sustent\u00e1vel no empreendedorismo feminino.<\/p>\n<!-- \/wp:paragraph -->","protected":false},"excerpt":{"rendered":"<p>A primeira edi\u00e7\u00e3o do Conex\u00e3o CEOs, promovida pela Escola Brasileira de Empreendedorismo Feminino (EBEM), mostrou a for\u00e7a da lideran\u00e7a feminina no ambiente corporativo ao reunir cerca de 40 empres\u00e1rias e executivas em S\u00e3o Paulo. Realizado no restaurante Varanda Jardins, o jantar teve ingressos esgotados e destacou a crescente demanda por espa\u00e7os mais qualificados de conex\u00e3o \u2026<\/p>\n","protected":false},"author":2,"featured_media":2944,"comment_status":"closed","ping_status":"open","sticky":false,"template":"","format":"standard","meta":{"footnotes":""},"categories":[33],"tags":[],"class_list":["post-2945","post","type-post","status-publish","format-standard","has-post-thumbnail","hentry","category-geral"],"featured_image_urls":{"full":["https:\/\/famatv.com.br\/wp-content\/uploads\/2026\/04\/Captura-de-tela-2026-04-29-015005.png",1359,650,false],"thumbnail":["https:\/\/famatv.com.br\/wp-content\/uploads\/2026\/04\/Captura-de-tela-2026-04-29-015005-150x150.png",150,150,true],"medium":["https:\/\/famatv.com.br\/wp-content\/uploads\/2026\/04\/Captura-de-tela-2026-04-29-015005-300x143.png",300,143,true],"medium_large":["https:\/\/famatv.com.br\/wp-content\/uploads\/2026\/04\/Captura-de-tela-2026-04-29-015005-768x367.png",768,367,true],"large":["https:\/\/famatv.com.br\/wp-content\/uploads\/2026\/04\/Captura-de-tela-2026-04-29-015005-1024x490.png",1024,490,true],"1536x1536":["https:\/\/famatv.com.br\/wp-content\/uploads\/2026\/04\/Captura-de-tela-2026-04-29-015005.png",1359,650,false],"2048x2048":["https:\/\/famatv.com.br\/wp-content\/uploads\/2026\/04\/Captura-de-tela-2026-04-29-015005.png",1359,650,false]},"author_info":{"info":["assessoriadefamosos"]},"category_info":"<a href=\"https:\/\/famatv.com.br\/index.php\/category\/geral\/\" rel=\"category tag\">Geral<\/a>","tag_info":"Geral","comment_count":"0","_links":{"self":[{"href":"https:\/\/famatv.com.br\/index.php\/wp-json\/wp\/v2\/posts\/2945","targetHints":{"allow":["GET"]}}],"collection":[{"href":"https:\/\/famatv.com.br\/index.php\/wp-json\/wp\/v2\/posts"}],"about":[{"href":"https:\/\/famatv.com.br\/index.php\/wp-json\/wp\/v2\/types\/post"}],"author":[{"embeddable":true,"href":"https:\/\/famatv.com.br\/index.php\/wp-json\/wp\/v2\/users\/2"}],"replies":[{"embeddable":true,"href":"https:\/\/famatv.com.br\/index.php\/wp-json\/wp\/v2\/comments?post=2945"}],"version-history":[{"count":1,"href":"https:\/\/famatv.com.br\/index.php\/wp-json\/wp\/v2\/posts\/2945\/revisions"}],"predecessor-version":[{"id":2946,"href":"https:\/\/famatv.com.br\/index.php\/wp-json\/wp\/v2\/posts\/2945\/revisions\/2946"}],"wp:featuredmedia":[{"embeddable":true,"href":"https:\/\/famatv.com.br\/index.php\/wp-json\/wp\/v2\/media\/2944"}],"wp:attachment":[{"href":"https:\/\/famatv.com.br\/index.php\/wp-json\/wp\/v2\/media?parent=2945"}],"wp:term":[{"taxonomy":"category","embeddable":true,"href":"https:\/\/famatv.com.br\/index.php\/wp-json\/wp\/v2\/categories?post=2945"},{"taxonomy":"post_tag","embeddable":true,"href":"https:\/\/famatv.com.br\/index.php\/wp-json\/wp\/v2\/tags?post=2945"}],"curies":[{"name":"wp","href":"https:\/\/api.w.org\/{rel}","templated":true}]}}