{"id":2948,"date":"2026-04-29T05:37:10","date_gmt":"2026-04-29T05:37:10","guid":{"rendered":"https:\/\/famatv.com.br\/?p=2948"},"modified":"2026-04-29T05:37:10","modified_gmt":"2026-04-29T05:37:10","slug":"casa-km-aposta-em-perfumaria-sofisticada-e-lanca-linha-selecoes-com-fragrancia-cha-branco","status":"publish","type":"post","link":"https:\/\/famatv.com.br\/index.php\/2026\/04\/29\/casa-km-aposta-em-perfumaria-sofisticada-e-lanca-linha-selecoes-com-fragrancia-cha-branco\/","title":{"rendered":"Casa K&amp;M aposta em perfumaria sofisticada e lan\u00e7a linha \u201cSele\u00e7\u00f5es\u201d com fragr\u00e2ncia Ch\u00e1 Branco"},"content":{"rendered":"\n<p>A Casa K&#038;M d\u00e1 um novo passo em sua estrat\u00e9gia de inova\u00e7\u00e3o com o lan\u00e7amento da linha \u201cSele\u00e7\u00f5es\u201d, que chega ao mercado inaugurada pela fragr\u00e2ncia Ch\u00e1 Branco. A novidade, desenvolvida pela marca Casa &#038; Perfume, refor\u00e7a a proposta de transformar o cuidado da casa em uma experi\u00eancia sensorial mais sofisticada, aproximando o universo da limpeza das tend\u00eancias da perfumaria fina.<\/p>\n\n\n\n<p>Dispon\u00edvel em embalagens de 500 ml, 1 litro e 2 litros, o produto aposta em tecnologia de fixa\u00e7\u00e3o de at\u00e9 24 horas, combinando desempenho na limpeza com uma experi\u00eancia olfativa duradoura. Inspirada nos difusores de ambiente, a fragr\u00e2ncia Ch\u00e1 Branco traz notas leves e elegantes, com nuances florais e fundo suave, criando uma atmosfera de frescor e aconchego dentro de casa.<\/p>\n\n\n\n<p>O lan\u00e7amento acompanha uma mudan\u00e7a no comportamento do consumidor, cada vez mais interessado em produtos que ofere\u00e7am n\u00e3o apenas efici\u00eancia, mas tamb\u00e9m sensa\u00e7\u00f5es e identidade ao ambiente. Nesse cen\u00e1rio, a perfuma\u00e7\u00e3o passa a ocupar papel central na escolha, deixando de ser apenas um complemento.<\/p>\n\n\n\n<p>De acordo com Marcos Santana, gerente de Marketing da Casa K&#038;M, a linha \u201cSele\u00e7\u00f5es\u201d surge justamente para atender essa nova demanda. A proposta \u00e9 elevar o padr\u00e3o dos limpadores perfumados, oferecendo uma experi\u00eancia mais premium e alinhada \u00e0s expectativas de um p\u00fablico que valoriza bem-estar no dia a dia.<\/p>\n\n\n\n<p>Al\u00e9m da fragr\u00e2ncia, a nova linha tamb\u00e9m apresenta uma evolu\u00e7\u00e3o visual. As embalagens adotam um design mais clean e sofisticado, com destaque para o selo \u201cOriginal\u201d, que refor\u00e7a o posicionamento da marca como pioneira na categoria e refer\u00eancia em perfuma\u00e7\u00e3o para o lar.<\/p>\n\n\n\n<p>O movimento reflete um mercado em expans\u00e3o. O segmento de produtos de limpeza com fragr\u00e2ncias sofisticadas vem ganhando for\u00e7a no Brasil, impulsionado pela busca por experi\u00eancias sensoriais dentro do ambiente dom\u00e9stico. A Casa &#038; Perfume, inclusive, se mant\u00e9m como l\u00edder nacional no setor, consolidando sua trajet\u00f3ria de inova\u00e7\u00e3o.<\/p>\n\n\n\n<p>Fundada em 1979, a Casa K&#038;M acumula mais de quatro d\u00e9cadas de atua\u00e7\u00e3o no mercado de home care. Com presen\u00e7a nacional e um portf\u00f3lio diversificado, a empresa segue investindo em tecnologia e desenvolvimento de produtos que conectam funcionalidade, identidade e bem-estar no cotidiano dos consumidores.<\/p>\n","protected":false},"excerpt":{"rendered":"<p>A Casa K&#038;M d\u00e1 um novo passo em sua estrat\u00e9gia de inova\u00e7\u00e3o com o lan\u00e7amento da linha \u201cSele\u00e7\u00f5es\u201d, que chega ao mercado inaugurada pela fragr\u00e2ncia Ch\u00e1 Branco. A novidade, desenvolvida pela marca Casa &#038; Perfume, refor\u00e7a a proposta de transformar o cuidado da casa em uma experi\u00eancia sensorial mais sofisticada, aproximando o universo da limpeza \u2026<\/p>\n","protected":false},"author":2,"featured_media":2947,"comment_status":"closed","ping_status":"open","sticky":false,"template":"","format":"standard","meta":{"footnotes":""},"categories":[33],"tags":[],"class_list":["post-2948","post","type-post","status-publish","format-standard","has-post-thumbnail","hentry","category-geral"],"featured_image_urls":{"full":["https:\/\/famatv.com.br\/wp-content\/uploads\/2026\/04\/Captura-de-tela-2026-04-29-015902.png",766,427,false],"thumbnail":["https:\/\/famatv.com.br\/wp-content\/uploads\/2026\/04\/Captura-de-tela-2026-04-29-015902-150x150.png",150,150,true],"medium":["https:\/\/famatv.com.br\/wp-content\/uploads\/2026\/04\/Captura-de-tela-2026-04-29-015902-300x167.png",300,167,true],"medium_large":["https:\/\/famatv.com.br\/wp-content\/uploads\/2026\/04\/Captura-de-tela-2026-04-29-015902.png",766,427,false],"large":["https:\/\/famatv.com.br\/wp-content\/uploads\/2026\/04\/Captura-de-tela-2026-04-29-015902.png",766,427,false],"1536x1536":["https:\/\/famatv.com.br\/wp-content\/uploads\/2026\/04\/Captura-de-tela-2026-04-29-015902.png",766,427,false],"2048x2048":["https:\/\/famatv.com.br\/wp-content\/uploads\/2026\/04\/Captura-de-tela-2026-04-29-015902.png",766,427,false]},"author_info":{"info":["assessoriadefamosos"]},"category_info":"<a href=\"https:\/\/famatv.com.br\/index.php\/category\/geral\/\" rel=\"category tag\">Geral<\/a>","tag_info":"Geral","comment_count":"0","_links":{"self":[{"href":"https:\/\/famatv.com.br\/index.php\/wp-json\/wp\/v2\/posts\/2948","targetHints":{"allow":["GET"]}}],"collection":[{"href":"https:\/\/famatv.com.br\/index.php\/wp-json\/wp\/v2\/posts"}],"about":[{"href":"https:\/\/famatv.com.br\/index.php\/wp-json\/wp\/v2\/types\/post"}],"author":[{"embeddable":true,"href":"https:\/\/famatv.com.br\/index.php\/wp-json\/wp\/v2\/users\/2"}],"replies":[{"embeddable":true,"href":"https:\/\/famatv.com.br\/index.php\/wp-json\/wp\/v2\/comments?post=2948"}],"version-history":[{"count":1,"href":"https:\/\/famatv.com.br\/index.php\/wp-json\/wp\/v2\/posts\/2948\/revisions"}],"predecessor-version":[{"id":2949,"href":"https:\/\/famatv.com.br\/index.php\/wp-json\/wp\/v2\/posts\/2948\/revisions\/2949"}],"wp:featuredmedia":[{"embeddable":true,"href":"https:\/\/famatv.com.br\/index.php\/wp-json\/wp\/v2\/media\/2947"}],"wp:attachment":[{"href":"https:\/\/famatv.com.br\/index.php\/wp-json\/wp\/v2\/media?parent=2948"}],"wp:term":[{"taxonomy":"category","embeddable":true,"href":"https:\/\/famatv.com.br\/index.php\/wp-json\/wp\/v2\/categories?post=2948"},{"taxonomy":"post_tag","embeddable":true,"href":"https:\/\/famatv.com.br\/index.php\/wp-json\/wp\/v2\/tags?post=2948"}],"curies":[{"name":"wp","href":"https:\/\/api.w.org\/{rel}","templated":true}]}}