{"id":2963,"date":"2026-04-30T18:46:10","date_gmt":"2026-04-30T18:46:10","guid":{"rendered":"https:\/\/famatv.com.br\/?p=2963"},"modified":"2026-04-30T18:46:10","modified_gmt":"2026-04-30T18:46:10","slug":"dakila-pesquisas-amplia-alcance-global-com-projeto-safari-brasil-voltado-a-amazonia","status":"publish","type":"post","link":"https:\/\/famatv.com.br\/index.php\/2026\/04\/30\/dakila-pesquisas-amplia-alcance-global-com-projeto-safari-brasil-voltado-a-amazonia\/","title":{"rendered":"Dakila Pesquisas amplia alcance global com projeto \u201cSafari Brasil\u201d voltado \u00e0 Amaz\u00f4nia"},"content":{"rendered":"\n<p>A<a href=\"https:\/\/www.instagram.com\/dakilapesquisas\/\" data-type=\"link\" data-id=\"https:\/\/www.instagram.com\/dakilapesquisas\/\"> Dakila Pesquisas<\/a> passou a ganhar destaque fora do Brasil ap\u00f3s a divulga\u00e7\u00e3o de seu v\u00eddeo manifesto, que apresenta ao p\u00fablico internacional o projeto \u201cSafari Brasil\u201d. A produ\u00e7\u00e3o j\u00e1 circula em centenas de plataformas digitais, ampliando o alcance da iniciativa e colocando o debate sobre a Amaz\u00f4nia em evid\u00eancia.<\/p>\n\n\n\n<h2 class=\"wp-block-heading\">Proposta de desenvolvimento sustent\u00e1vel<\/h2>\n\n\n\n<p>O projeto surge como uma alternativa que busca conciliar prote\u00e7\u00e3o ambiental e avan\u00e7o socioecon\u00f4mico. A proposta defende um modelo em que as popula\u00e7\u00f5es locais tenham papel central nas decis\u00f5es, priorizando o uso consciente dos recursos naturais e a valoriza\u00e7\u00e3o da biodiversidade.<\/p>\n\n\n\n<p>Dentro desse contexto, o \u201cSafari Brasil\u201d prop\u00f5e uma atua\u00e7\u00e3o estruturada na Amaz\u00f4nia, com foco em pr\u00e1ticas sustent\u00e1veis e gera\u00e7\u00e3o de oportunidades para quem vive na regi\u00e3o.<\/p>\n\n\n\n<h2 class=\"wp-block-heading\">Integra\u00e7\u00e3o entre ci\u00eancia e saberes tradicionais<\/h2>\n\n\n\n<p>Um dos pilares da iniciativa \u00e9 a uni\u00e3o entre conhecimento cient\u00edfico, inova\u00e7\u00e3o tecnol\u00f3gica e pr\u00e1ticas tradicionais. A ideia \u00e9 criar uma rede colaborativa que envolva comunidades ind\u00edgenas e popula\u00e7\u00f5es amaz\u00f4nicas, promovendo desenvolvimento sem abrir m\u00e3o da conserva\u00e7\u00e3o ambiental.<\/p>\n\n\n\n<p>De acordo com a proposta, mais de 180 etnias poderiam ser integradas ao projeto, fortalecendo o protagonismo local e incentivando solu\u00e7\u00f5es alinhadas \u00e0 realidade da floresta.<\/p>\n\n\n\n<h2 class=\"wp-block-heading\">Repercuss\u00e3o e debate internacional<\/h2>\n\n\n\n<p>A visibilidade global do projeto tem impulsionado discuss\u00f5es sobre novos caminhos para a regi\u00e3o amaz\u00f4nica. A iniciativa chama aten\u00e7\u00e3o por sugerir uma ruptura com modelos antigos de explora\u00e7\u00e3o, priorizando inclus\u00e3o social e sustentabilidade.<\/p>\n\n\n\n<p>Em um cen\u00e1rio global cada vez mais voltado \u00e0 preserva\u00e7\u00e3o ambiental, o \u201cSafari Brasil\u201d se insere como mais uma proposta dentro do debate sobre como equilibrar crescimento econ\u00f4mico e conserva\u00e7\u00e3o em um dos biomas mais estrat\u00e9gicos do planeta.<\/p>\n","protected":false},"excerpt":{"rendered":"<p>Proposta combina preserva\u00e7\u00e3o ambiental, tecnologia e protagonismo de comunidades locais e ganha visibilidade internacional<\/p>\n","protected":false},"author":2,"featured_media":2962,"comment_status":"closed","ping_status":"open","sticky":false,"template":"","format":"standard","meta":{"footnotes":""},"categories":[33],"tags":[50,51,52],"class_list":["post-2963","post","type-post","status-publish","format-standard","has-post-thumbnail","hentry","category-geral","tag-dakila-pesquisas","tag-ecossistema-dakila","tag-pesquisas"],"featured_image_urls":{"full":["https:\/\/famatv.com.br\/wp-content\/uploads\/2026\/04\/ChatGPT-Image-30-de-abr.-de-2026-15_35_26.png",1672,941,false],"thumbnail":["https:\/\/famatv.com.br\/wp-content\/uploads\/2026\/04\/ChatGPT-Image-30-de-abr.-de-2026-15_35_26-150x150.png",150,150,true],"medium":["https:\/\/famatv.com.br\/wp-content\/uploads\/2026\/04\/ChatGPT-Image-30-de-abr.-de-2026-15_35_26-300x169.png",300,169,true],"medium_large":["https:\/\/famatv.com.br\/wp-content\/uploads\/2026\/04\/ChatGPT-Image-30-de-abr.-de-2026-15_35_26-768x432.png",768,432,true],"large":["https:\/\/famatv.com.br\/wp-content\/uploads\/2026\/04\/ChatGPT-Image-30-de-abr.-de-2026-15_35_26-1024x576.png",1024,576,true],"1536x1536":["https:\/\/famatv.com.br\/wp-content\/uploads\/2026\/04\/ChatGPT-Image-30-de-abr.-de-2026-15_35_26-1536x864.png",1536,864,true],"2048x2048":["https:\/\/famatv.com.br\/wp-content\/uploads\/2026\/04\/ChatGPT-Image-30-de-abr.-de-2026-15_35_26.png",1672,941,false]},"author_info":{"info":["assessoriadefamosos"]},"category_info":"<a href=\"https:\/\/famatv.com.br\/index.php\/category\/geral\/\" rel=\"category tag\">Geral<\/a>","tag_info":"Geral","comment_count":"0","_links":{"self":[{"href":"https:\/\/famatv.com.br\/index.php\/wp-json\/wp\/v2\/posts\/2963","targetHints":{"allow":["GET"]}}],"collection":[{"href":"https:\/\/famatv.com.br\/index.php\/wp-json\/wp\/v2\/posts"}],"about":[{"href":"https:\/\/famatv.com.br\/index.php\/wp-json\/wp\/v2\/types\/post"}],"author":[{"embeddable":true,"href":"https:\/\/famatv.com.br\/index.php\/wp-json\/wp\/v2\/users\/2"}],"replies":[{"embeddable":true,"href":"https:\/\/famatv.com.br\/index.php\/wp-json\/wp\/v2\/comments?post=2963"}],"version-history":[{"count":1,"href":"https:\/\/famatv.com.br\/index.php\/wp-json\/wp\/v2\/posts\/2963\/revisions"}],"predecessor-version":[{"id":2964,"href":"https:\/\/famatv.com.br\/index.php\/wp-json\/wp\/v2\/posts\/2963\/revisions\/2964"}],"wp:featuredmedia":[{"embeddable":true,"href":"https:\/\/famatv.com.br\/index.php\/wp-json\/wp\/v2\/media\/2962"}],"wp:attachment":[{"href":"https:\/\/famatv.com.br\/index.php\/wp-json\/wp\/v2\/media?parent=2963"}],"wp:term":[{"taxonomy":"category","embeddable":true,"href":"https:\/\/famatv.com.br\/index.php\/wp-json\/wp\/v2\/categories?post=2963"},{"taxonomy":"post_tag","embeddable":true,"href":"https:\/\/famatv.com.br\/index.php\/wp-json\/wp\/v2\/tags?post=2963"}],"curies":[{"name":"wp","href":"https:\/\/api.w.org\/{rel}","templated":true}]}}