{"id":2966,"date":"2026-04-30T22:13:15","date_gmt":"2026-04-30T22:13:15","guid":{"rendered":"https:\/\/famatv.com.br\/?p=2966"},"modified":"2026-04-30T22:13:15","modified_gmt":"2026-04-30T22:13:15","slug":"empresaria-francielli-lopes-equilibra-carreira-e-familia-com-atuacao-discreta-e-estrategica","status":"publish","type":"post","link":"https:\/\/famatv.com.br\/index.php\/2026\/04\/30\/empresaria-francielli-lopes-equilibra-carreira-e-familia-com-atuacao-discreta-e-estrategica\/","title":{"rendered":"Empres\u00e1ria Francielli Lopes equilibra carreira e fam\u00edlia com atua\u00e7\u00e3o discreta e estrat\u00e9gica"},"content":{"rendered":"\n<p>Em meio a um ambiente onde exposi\u00e7\u00e3o costuma ditar relev\u00e2ncia, <strong>Francielli Lopes <\/strong>opta por um caminho mais reservado, focado em consist\u00eancia e planejamento. Sua jornada profissional se desenvolve de forma equilibrada, conciliando neg\u00f3cios e vida pessoal.<\/p>\n\n\n\n<h2 class=\"wp-block-heading\">Base familiar e parceria s\u00f3lida<\/h2>\n\n\n\n<p>Ao lado do agente esportivo <strong>Roger Wittmann<\/strong>, com quem \u00e9 casada h\u00e1 mais de uma d\u00e9cada, Francielli mant\u00e9m uma rotina pautada pelo apoio rec\u00edproco. A atua\u00e7\u00e3o conjunta, ainda que longe da exposi\u00e7\u00e3o p\u00fablica, contribui para a condu\u00e7\u00e3o de projetos importantes.<\/p>\n\n\n\n<p>&#8220;Eu sempre estou ao lado para dar todo o suporte para as atividades profissionais do meu marido. E ele retribui, apoiando a minha atua\u00e7\u00e3o como empres\u00e1ria. \u00c9 uma parceria constru\u00edda sobre respeito, confian\u00e7a e admira\u00e7\u00e3o m\u00fatua&#8221;, afirma a empres\u00e1ria.<\/p>\n\n\n<!-- wp:image \"id\":41405,\"sizeSlug\":\"large\",\"linkDestination\":\"none\" -->\n<figure class=\"wp-block-image size-large\"><img decoding=\"async\" src=\"https:\/\/www.michelasi.com.br\/wp-content\/uploads\/2026\/04\/Francielli-e-Roger-Wittmann-1-888x1024.jpg\" alt=\"\" class=\"wp-image-41405\" \/><\/figure>\n<!-- \/wp:post-content -->\n\n<!-- wp:heading -->\n<h2 class=\"wp-block-heading\">O papel da maternidade<\/h2>\n<!-- \/wp:heading -->\n\n<!-- wp:paragraph -->\n<p>A empres\u00e1ria divide sua atua\u00e7\u00e3o entre o setor de moda e o mercado imobili\u00e1rio de alto padr\u00e3o, onde vem ampliando sua participa\u00e7\u00e3o. Sua abordagem prioriza organiza\u00e7\u00e3o, vis\u00e3o estrat\u00e9gica e aten\u00e7\u00e3o aos detalhes.<\/p>\n<!-- \/wp:paragraph -->\n\n<!-- wp:paragraph -->\n<p>A experi\u00eancia como m\u00e3e tamb\u00e9m influencia suas decis\u00f5es e sua forma de conduzir os neg\u00f3cios. \u201cA maternidade vira combust\u00edvel para manter o foco, a dedica\u00e7\u00e3o e a excel\u00eancia na minha atua\u00e7\u00e3o profissional\u201d, afirmou.<\/p>\n<!-- \/wp:paragraph -->","protected":false},"excerpt":{"rendered":"<p>Mulher do agente alem\u00e3o Roger Wittmann h\u00e1 12 anos, Francielli concilia carreira, maternidade e bastidores de grandes projetos<\/p>\n","protected":false},"author":2,"featured_media":2965,"comment_status":"closed","ping_status":"open","sticky":false,"template":"","format":"standard","meta":{"footnotes":""},"categories":[33],"tags":[53,54,55,56],"class_list":["post-2966","post","type-post","status-publish","format-standard","has-post-thumbnail","hentry","category-geral","tag-carreira","tag-curiosidades","tag-empresas","tag-influencer"],"featured_image_urls":{"full":["https:\/\/famatv.com.br\/wp-content\/uploads\/2026\/04\/WhatsApp-Image-2026-04-30-at-16.07.19-2.jpg",1500,844,false],"thumbnail":["https:\/\/famatv.com.br\/wp-content\/uploads\/2026\/04\/WhatsApp-Image-2026-04-30-at-16.07.19-2-150x150.jpg",150,150,true],"medium":["https:\/\/famatv.com.br\/wp-content\/uploads\/2026\/04\/WhatsApp-Image-2026-04-30-at-16.07.19-2-300x169.jpg",300,169,true],"medium_large":["https:\/\/famatv.com.br\/wp-content\/uploads\/2026\/04\/WhatsApp-Image-2026-04-30-at-16.07.19-2-768x432.jpg",768,432,true],"large":["https:\/\/famatv.com.br\/wp-content\/uploads\/2026\/04\/WhatsApp-Image-2026-04-30-at-16.07.19-2-1024x576.jpg",1024,576,true],"1536x1536":["https:\/\/famatv.com.br\/wp-content\/uploads\/2026\/04\/WhatsApp-Image-2026-04-30-at-16.07.19-2.jpg",1500,844,false],"2048x2048":["https:\/\/famatv.com.br\/wp-content\/uploads\/2026\/04\/WhatsApp-Image-2026-04-30-at-16.07.19-2.jpg",1500,844,false]},"author_info":{"info":["assessoriadefamosos"]},"category_info":"<a href=\"https:\/\/famatv.com.br\/index.php\/category\/geral\/\" rel=\"category tag\">Geral<\/a>","tag_info":"Geral","comment_count":"0","_links":{"self":[{"href":"https:\/\/famatv.com.br\/index.php\/wp-json\/wp\/v2\/posts\/2966","targetHints":{"allow":["GET"]}}],"collection":[{"href":"https:\/\/famatv.com.br\/index.php\/wp-json\/wp\/v2\/posts"}],"about":[{"href":"https:\/\/famatv.com.br\/index.php\/wp-json\/wp\/v2\/types\/post"}],"author":[{"embeddable":true,"href":"https:\/\/famatv.com.br\/index.php\/wp-json\/wp\/v2\/users\/2"}],"replies":[{"embeddable":true,"href":"https:\/\/famatv.com.br\/index.php\/wp-json\/wp\/v2\/comments?post=2966"}],"version-history":[{"count":1,"href":"https:\/\/famatv.com.br\/index.php\/wp-json\/wp\/v2\/posts\/2966\/revisions"}],"predecessor-version":[{"id":2967,"href":"https:\/\/famatv.com.br\/index.php\/wp-json\/wp\/v2\/posts\/2966\/revisions\/2967"}],"wp:featuredmedia":[{"embeddable":true,"href":"https:\/\/famatv.com.br\/index.php\/wp-json\/wp\/v2\/media\/2965"}],"wp:attachment":[{"href":"https:\/\/famatv.com.br\/index.php\/wp-json\/wp\/v2\/media?parent=2966"}],"wp:term":[{"taxonomy":"category","embeddable":true,"href":"https:\/\/famatv.com.br\/index.php\/wp-json\/wp\/v2\/categories?post=2966"},{"taxonomy":"post_tag","embeddable":true,"href":"https:\/\/famatv.com.br\/index.php\/wp-json\/wp\/v2\/tags?post=2966"}],"curies":[{"name":"wp","href":"https:\/\/api.w.org\/{rel}","templated":true}]}}