{"id":2981,"date":"2026-05-01T00:21:56","date_gmt":"2026-05-01T00:21:56","guid":{"rendered":"https:\/\/famatv.com.br\/?p=2981"},"modified":"2026-05-01T00:21:56","modified_gmt":"2026-05-01T00:21:56","slug":"poliana-rocha-atualiza-recuperacao-de-leonardo-apos-queda-durante-pescaria","status":"publish","type":"post","link":"https:\/\/famatv.com.br\/index.php\/2026\/05\/01\/poliana-rocha-atualiza-recuperacao-de-leonardo-apos-queda-durante-pescaria\/","title":{"rendered":"Poliana Rocha atualiza recupera\u00e7\u00e3o de Leonardo ap\u00f3s queda durante pescaria"},"content":{"rendered":"\n<p>A influenciadora Poliana Rocha voltou a falar sobre o estado de sa\u00fade do cantor Leonardo nesta quinta-feira (30), ap\u00f3s o susto causado por uma queda sofrida durante uma pescaria no fim de semana.<\/p>\n\n\n\n<p>Nas redes sociais, Poliana respondeu a perguntas de seguidores e explicou que o marido segue em recupera\u00e7\u00e3o, com melhora vis\u00edvel a cada dia. Segundo ela, embora o hematoma na regi\u00e3o dos olhos ainda esteja presente, a colora\u00e7\u00e3o j\u00e1 est\u00e1 mais leve e tende a desaparecer gradualmente.<\/p>\n\n\n\n<p>A influenciadora tamb\u00e9m compartilhou uma nova imagem do sertanejo, mostrando que os sinais da contus\u00e3o est\u00e3o diminuindo em compara\u00e7\u00e3o aos primeiros dias ap\u00f3s o acidente.<\/p>\n\n\n\n<p>Ap\u00f3s o ocorrido, Leonardo recebeu atendimento m\u00e9dico no Hospital Israelita Albert Einstein, onde passou por exames de rotina para garantir que n\u00e3o havia complica\u00e7\u00f5es mais s\u00e9rias. De acordo com Poliana, o atendimento foi apenas preventivo e o cantor est\u00e1 bem.<\/p>\n\n\n\n<p>A atualiza\u00e7\u00e3o trouxe al\u00edvio aos f\u00e3s, que vinham acompanhando com preocupa\u00e7\u00e3o o estado de sa\u00fade do artista desde o incidente.<\/p>\n","protected":false},"excerpt":{"rendered":"<p>A influenciadora Poliana Rocha voltou a falar sobre o estado de sa\u00fade do cantor Leonardo nesta quinta-feira (30), ap\u00f3s o susto causado por uma queda sofrida durante uma pescaria no fim de semana. Nas redes sociais, Poliana respondeu a perguntas de seguidores e explicou que o marido segue em recupera\u00e7\u00e3o, com melhora vis\u00edvel a cada \u2026<\/p>\n","protected":false},"author":2,"featured_media":2980,"comment_status":"closed","ping_status":"open","sticky":false,"template":"","format":"standard","meta":{"footnotes":""},"categories":[32],"tags":[],"class_list":["post-2981","post","type-post","status-publish","format-standard","has-post-thumbnail","hentry","category-famosos"],"featured_image_urls":{"full":["https:\/\/famatv.com.br\/wp-content\/uploads\/2026\/05\/7c0du7hf-Tamanho-portal-615x461-1.jpg",615,461,false],"thumbnail":["https:\/\/famatv.com.br\/wp-content\/uploads\/2026\/05\/7c0du7hf-Tamanho-portal-615x461-1-150x150.jpg",150,150,true],"medium":["https:\/\/famatv.com.br\/wp-content\/uploads\/2026\/05\/7c0du7hf-Tamanho-portal-615x461-1-300x225.jpg",300,225,true],"medium_large":["https:\/\/famatv.com.br\/wp-content\/uploads\/2026\/05\/7c0du7hf-Tamanho-portal-615x461-1.jpg",615,461,false],"large":["https:\/\/famatv.com.br\/wp-content\/uploads\/2026\/05\/7c0du7hf-Tamanho-portal-615x461-1.jpg",615,461,false],"1536x1536":["https:\/\/famatv.com.br\/wp-content\/uploads\/2026\/05\/7c0du7hf-Tamanho-portal-615x461-1.jpg",615,461,false],"2048x2048":["https:\/\/famatv.com.br\/wp-content\/uploads\/2026\/05\/7c0du7hf-Tamanho-portal-615x461-1.jpg",615,461,false]},"author_info":{"info":["assessoriadefamosos"]},"category_info":"<a href=\"https:\/\/famatv.com.br\/index.php\/category\/famosos\/\" rel=\"category tag\">Famosos<\/a>","tag_info":"Famosos","comment_count":"0","_links":{"self":[{"href":"https:\/\/famatv.com.br\/index.php\/wp-json\/wp\/v2\/posts\/2981","targetHints":{"allow":["GET"]}}],"collection":[{"href":"https:\/\/famatv.com.br\/index.php\/wp-json\/wp\/v2\/posts"}],"about":[{"href":"https:\/\/famatv.com.br\/index.php\/wp-json\/wp\/v2\/types\/post"}],"author":[{"embeddable":true,"href":"https:\/\/famatv.com.br\/index.php\/wp-json\/wp\/v2\/users\/2"}],"replies":[{"embeddable":true,"href":"https:\/\/famatv.com.br\/index.php\/wp-json\/wp\/v2\/comments?post=2981"}],"version-history":[{"count":1,"href":"https:\/\/famatv.com.br\/index.php\/wp-json\/wp\/v2\/posts\/2981\/revisions"}],"predecessor-version":[{"id":2982,"href":"https:\/\/famatv.com.br\/index.php\/wp-json\/wp\/v2\/posts\/2981\/revisions\/2982"}],"wp:featuredmedia":[{"embeddable":true,"href":"https:\/\/famatv.com.br\/index.php\/wp-json\/wp\/v2\/media\/2980"}],"wp:attachment":[{"href":"https:\/\/famatv.com.br\/index.php\/wp-json\/wp\/v2\/media?parent=2981"}],"wp:term":[{"taxonomy":"category","embeddable":true,"href":"https:\/\/famatv.com.br\/index.php\/wp-json\/wp\/v2\/categories?post=2981"},{"taxonomy":"post_tag","embeddable":true,"href":"https:\/\/famatv.com.br\/index.php\/wp-json\/wp\/v2\/tags?post=2981"}],"curies":[{"name":"wp","href":"https:\/\/api.w.org\/{rel}","templated":true}]}}