{"id":2987,"date":"2026-05-01T00:30:46","date_gmt":"2026-05-01T00:30:46","guid":{"rendered":"https:\/\/famatv.com.br\/?p=2987"},"modified":"2026-05-01T00:30:46","modified_gmt":"2026-05-01T00:30:46","slug":"joao-guilherme-reflete-sobre-relacionamentos-com-famosas-e-fala-sobre-aprendizado-com-bruna-marquezine","status":"publish","type":"post","link":"https:\/\/famatv.com.br\/index.php\/2026\/05\/01\/joao-guilherme-reflete-sobre-relacionamentos-com-famosas-e-fala-sobre-aprendizado-com-bruna-marquezine\/","title":{"rendered":"Jo\u00e3o Guilherme reflete sobre relacionamentos com famosas e fala sobre aprendizado com Bruna Marquezine"},"content":{"rendered":"\n<p>O ator Jo\u00e3o Guilherme comentou abertamente sobre sua vida amorosa e a exposi\u00e7\u00e3o de seus relacionamentos durante participa\u00e7\u00e3o no podcast Alt Tabet, apresentado por Antonio Tabet. Aos 24 anos, ele relembrou os namoros com Larissa Manoela, Jade Picon e Bruna Marquezine, destacando como cada experi\u00eancia influenciou sua vis\u00e3o sobre privacidade.<\/p>\n\n\n\n<p>O ator explicou que seu primeiro relacionamento p\u00fablico aconteceu ainda muito jovem, o que fez com que lidasse com uma exposi\u00e7\u00e3o intensa nas redes sociais. Ele relembrou o namoro com Larissa Manoela como um per\u00edodo em que a vida a dois era constantemente compartilhada, algo que, segundo ele, acabou gerando press\u00e3o e dificuldades.<\/p>\n\n\n\n<p>Sobre o relacionamento com Jade Picon, Jo\u00e3o afirmou que a exposi\u00e7\u00e3o tamb\u00e9m esteve presente, j\u00e1 que ambos tinham forte atua\u00e7\u00e3o na internet. Mesmo assim, destacou que havia envolvimento e que a rela\u00e7\u00e3o foi importante em sua trajet\u00f3ria pessoal.<\/p>\n\n\n\n<p>Ao falar do relacionamento mais recente com Bruna Marquezine, o ator ressaltou que aprendeu a import\u00e2ncia de preservar a intimidade. Segundo ele, a atriz j\u00e1 tinha uma vis\u00e3o mais madura sobre o tema, o que o ajudou a entender o valor de manter certos aspectos da vida longe do p\u00fablico.<\/p>\n\n\n\n<p>Jo\u00e3o Guilherme afirmou que passou a enxergar a exposi\u00e7\u00e3o excessiva de forma diferente, comparando a vida pessoal a algo que deve ser protegido. Para ele, a privacidade se tornou um elemento essencial para rela\u00e7\u00f5es mais saud\u00e1veis, especialmente quando ambas as pessoas s\u00e3o figuras p\u00fablicas.<\/p>\n\n\n\n<p>A fala marca uma mudan\u00e7a de postura do ator, que hoje demonstra prefer\u00eancia por mais discri\u00e7\u00e3o em sua vida amorosa, buscando equilibrar fama e vida pessoal.<\/p>\n","protected":false},"excerpt":{"rendered":"<p>O ator Jo\u00e3o Guilherme comentou abertamente sobre sua vida amorosa e a exposi\u00e7\u00e3o de seus relacionamentos durante participa\u00e7\u00e3o no podcast Alt Tabet, apresentado por Antonio Tabet. Aos 24 anos, ele relembrou os namoros com Larissa Manoela, Jade Picon e Bruna Marquezine, destacando como cada experi\u00eancia influenciou sua vis\u00e3o sobre privacidade. O ator explicou que seu \u2026<\/p>\n","protected":false},"author":2,"featured_media":2986,"comment_status":"closed","ping_status":"open","sticky":false,"template":"","format":"standard","meta":{"footnotes":""},"categories":[32],"tags":[],"class_list":["post-2987","post","type-post","status-publish","format-standard","has-post-thumbnail","hentry","category-famosos"],"featured_image_urls":{"full":["https:\/\/famatv.com.br\/wp-content\/uploads\/2026\/05\/FBVRa49v-Tamanho-portal-2-615x461-1.jpg",615,461,false],"thumbnail":["https:\/\/famatv.com.br\/wp-content\/uploads\/2026\/05\/FBVRa49v-Tamanho-portal-2-615x461-1-150x150.jpg",150,150,true],"medium":["https:\/\/famatv.com.br\/wp-content\/uploads\/2026\/05\/FBVRa49v-Tamanho-portal-2-615x461-1-300x225.jpg",300,225,true],"medium_large":["https:\/\/famatv.com.br\/wp-content\/uploads\/2026\/05\/FBVRa49v-Tamanho-portal-2-615x461-1.jpg",615,461,false],"large":["https:\/\/famatv.com.br\/wp-content\/uploads\/2026\/05\/FBVRa49v-Tamanho-portal-2-615x461-1.jpg",615,461,false],"1536x1536":["https:\/\/famatv.com.br\/wp-content\/uploads\/2026\/05\/FBVRa49v-Tamanho-portal-2-615x461-1.jpg",615,461,false],"2048x2048":["https:\/\/famatv.com.br\/wp-content\/uploads\/2026\/05\/FBVRa49v-Tamanho-portal-2-615x461-1.jpg",615,461,false]},"author_info":{"info":["assessoriadefamosos"]},"category_info":"<a href=\"https:\/\/famatv.com.br\/index.php\/category\/famosos\/\" rel=\"category tag\">Famosos<\/a>","tag_info":"Famosos","comment_count":"0","_links":{"self":[{"href":"https:\/\/famatv.com.br\/index.php\/wp-json\/wp\/v2\/posts\/2987","targetHints":{"allow":["GET"]}}],"collection":[{"href":"https:\/\/famatv.com.br\/index.php\/wp-json\/wp\/v2\/posts"}],"about":[{"href":"https:\/\/famatv.com.br\/index.php\/wp-json\/wp\/v2\/types\/post"}],"author":[{"embeddable":true,"href":"https:\/\/famatv.com.br\/index.php\/wp-json\/wp\/v2\/users\/2"}],"replies":[{"embeddable":true,"href":"https:\/\/famatv.com.br\/index.php\/wp-json\/wp\/v2\/comments?post=2987"}],"version-history":[{"count":1,"href":"https:\/\/famatv.com.br\/index.php\/wp-json\/wp\/v2\/posts\/2987\/revisions"}],"predecessor-version":[{"id":2988,"href":"https:\/\/famatv.com.br\/index.php\/wp-json\/wp\/v2\/posts\/2987\/revisions\/2988"}],"wp:featuredmedia":[{"embeddable":true,"href":"https:\/\/famatv.com.br\/index.php\/wp-json\/wp\/v2\/media\/2986"}],"wp:attachment":[{"href":"https:\/\/famatv.com.br\/index.php\/wp-json\/wp\/v2\/media?parent=2987"}],"wp:term":[{"taxonomy":"category","embeddable":true,"href":"https:\/\/famatv.com.br\/index.php\/wp-json\/wp\/v2\/categories?post=2987"},{"taxonomy":"post_tag","embeddable":true,"href":"https:\/\/famatv.com.br\/index.php\/wp-json\/wp\/v2\/tags?post=2987"}],"curies":[{"name":"wp","href":"https:\/\/api.w.org\/{rel}","templated":true}]}}