{"id":2993,"date":"2026-05-01T00:39:32","date_gmt":"2026-05-01T00:39:32","guid":{"rendered":"https:\/\/famatv.com.br\/?p=2993"},"modified":"2026-05-01T00:39:32","modified_gmt":"2026-05-01T00:39:32","slug":"cazarre-reage-a-video-de-fabio-porchat-e-acusa-humorista-de-homofobia-em-meio-a-polemica-de-evento","status":"publish","type":"post","link":"https:\/\/famatv.com.br\/index.php\/2026\/05\/01\/cazarre-reage-a-video-de-fabio-porchat-e-acusa-humorista-de-homofobia-em-meio-a-polemica-de-evento\/","title":{"rendered":"Cazarr\u00e9 reage a v\u00eddeo de F\u00e1bio Porchat e acusa humorista de homofobia em meio a pol\u00eamica de evento"},"content":{"rendered":"\n<p>O ator Juliano Cazarr\u00e9 voltou a se pronunciar sobre a repercuss\u00e3o do evento \u201cO farol e a forja\u201d, que vem gerando cr\u00edticas de artistas e internautas. Durante uma transmiss\u00e3o ao vivo, ele respondeu diretamente a um v\u00eddeo publicado por F\u00e1bio Porchat, no qual o humorista ironiza a iniciativa.<\/p>\n\n\n\n<p>O projeto tamb\u00e9m foi alvo de questionamentos de nomes como Claudia Abreu, Marjorie Estiano, Elisa Lucinda e Julia Lemmertz, que apontaram contradi\u00e7\u00f5es da proposta diante de debates sociais atuais.<\/p>\n\n\n\n<p>Na live, Cazarr\u00e9 afirmou que o conte\u00fado publicado por Porchat teria sido ofensivo e interpretou a abordagem como uma insinua\u00e7\u00e3o sobre sua sexualidade. Para o ator, esse tipo de piada refor\u00e7a estere\u00f3tipos e ultrapassa os limites do humor.<\/p>\n\n\n\n<p>Ele tamb\u00e9m relembrou epis\u00f3dios anteriores de cr\u00edticas p\u00fablicas e disse que j\u00e1 enfrentou situa\u00e7\u00f5es semelhantes nas redes sociais, envolvendo outras figuras p\u00fablicas em momentos distintos de pol\u00eamica.<\/p>\n\n\n\n<p>Cazarr\u00e9 afirmou ainda que enxerga contradi\u00e7\u00e3o nas cr\u00edticas recebidas e questionou a postura de quem o ataca publicamente, dizendo que nunca teria adotado comportamento semelhante com outras pessoas nas redes.<\/p>\n\n\n\n<p>Em outro momento, o ator citou o colega Paulo Betti ao recordar um antigo debate entre os dois, afirmando que a discuss\u00e3o foi intensa e marcada por diverg\u00eancias de opini\u00e3o.<\/p>\n\n\n\n<p>Sobre o evento, ele refor\u00e7ou que n\u00e3o se trata de um curso de masculinidade, mas de um encontro com palestras e convidados para discuss\u00f5es diversas, defendendo a proposta como um espa\u00e7o de troca de ideias.<\/p>\n\n\n\n<p>A troca de declara\u00e7\u00f5es ampliou a repercuss\u00e3o nas redes sociais e intensificou o debate em torno tanto do evento quanto das falas do ator e do humorista.<\/p>\n","protected":false},"excerpt":{"rendered":"<p>O ator Juliano Cazarr\u00e9 voltou a se pronunciar sobre a repercuss\u00e3o do evento \u201cO farol e a forja\u201d, que vem gerando cr\u00edticas de artistas e internautas. Durante uma transmiss\u00e3o ao vivo, ele respondeu diretamente a um v\u00eddeo publicado por F\u00e1bio Porchat, no qual o humorista ironiza a iniciativa. O projeto tamb\u00e9m foi alvo de questionamentos \u2026<\/p>\n","protected":false},"author":2,"featured_media":2992,"comment_status":"closed","ping_status":"open","sticky":false,"template":"","format":"standard","meta":{"footnotes":""},"categories":[32],"tags":[],"class_list":["post-2993","post","type-post","status-publish","format-standard","has-post-thumbnail","hentry","category-famosos"],"featured_image_urls":{"full":["https:\/\/famatv.com.br\/wp-content\/uploads\/2026\/05\/oZeUEJAt-Design-sem-nome-22-615x461-1.png",615,461,false],"thumbnail":["https:\/\/famatv.com.br\/wp-content\/uploads\/2026\/05\/oZeUEJAt-Design-sem-nome-22-615x461-1-150x150.png",150,150,true],"medium":["https:\/\/famatv.com.br\/wp-content\/uploads\/2026\/05\/oZeUEJAt-Design-sem-nome-22-615x461-1-300x225.png",300,225,true],"medium_large":["https:\/\/famatv.com.br\/wp-content\/uploads\/2026\/05\/oZeUEJAt-Design-sem-nome-22-615x461-1.png",615,461,false],"large":["https:\/\/famatv.com.br\/wp-content\/uploads\/2026\/05\/oZeUEJAt-Design-sem-nome-22-615x461-1.png",615,461,false],"1536x1536":["https:\/\/famatv.com.br\/wp-content\/uploads\/2026\/05\/oZeUEJAt-Design-sem-nome-22-615x461-1.png",615,461,false],"2048x2048":["https:\/\/famatv.com.br\/wp-content\/uploads\/2026\/05\/oZeUEJAt-Design-sem-nome-22-615x461-1.png",615,461,false]},"author_info":{"info":["assessoriadefamosos"]},"category_info":"<a href=\"https:\/\/famatv.com.br\/index.php\/category\/famosos\/\" rel=\"category tag\">Famosos<\/a>","tag_info":"Famosos","comment_count":"0","_links":{"self":[{"href":"https:\/\/famatv.com.br\/index.php\/wp-json\/wp\/v2\/posts\/2993","targetHints":{"allow":["GET"]}}],"collection":[{"href":"https:\/\/famatv.com.br\/index.php\/wp-json\/wp\/v2\/posts"}],"about":[{"href":"https:\/\/famatv.com.br\/index.php\/wp-json\/wp\/v2\/types\/post"}],"author":[{"embeddable":true,"href":"https:\/\/famatv.com.br\/index.php\/wp-json\/wp\/v2\/users\/2"}],"replies":[{"embeddable":true,"href":"https:\/\/famatv.com.br\/index.php\/wp-json\/wp\/v2\/comments?post=2993"}],"version-history":[{"count":1,"href":"https:\/\/famatv.com.br\/index.php\/wp-json\/wp\/v2\/posts\/2993\/revisions"}],"predecessor-version":[{"id":2994,"href":"https:\/\/famatv.com.br\/index.php\/wp-json\/wp\/v2\/posts\/2993\/revisions\/2994"}],"wp:featuredmedia":[{"embeddable":true,"href":"https:\/\/famatv.com.br\/index.php\/wp-json\/wp\/v2\/media\/2992"}],"wp:attachment":[{"href":"https:\/\/famatv.com.br\/index.php\/wp-json\/wp\/v2\/media?parent=2993"}],"wp:term":[{"taxonomy":"category","embeddable":true,"href":"https:\/\/famatv.com.br\/index.php\/wp-json\/wp\/v2\/categories?post=2993"},{"taxonomy":"post_tag","embeddable":true,"href":"https:\/\/famatv.com.br\/index.php\/wp-json\/wp\/v2\/tags?post=2993"}],"curies":[{"name":"wp","href":"https:\/\/api.w.org\/{rel}","templated":true}]}}