{"id":2999,"date":"2026-05-01T15:24:58","date_gmt":"2026-05-01T15:24:58","guid":{"rendered":"https:\/\/famatv.com.br\/?p=2999"},"modified":"2026-05-01T15:24:58","modified_gmt":"2026-05-01T15:24:58","slug":"rio-prepara-operacao-gigante-para-show-de-shakira-com-bloqueios-metro-24h-e-7-mil-agentes","status":"publish","type":"post","link":"https:\/\/famatv.com.br\/index.php\/2026\/05\/01\/rio-prepara-operacao-gigante-para-show-de-shakira-com-bloqueios-metro-24h-e-7-mil-agentes\/","title":{"rendered":"Rio prepara opera\u00e7\u00e3o gigante para show de Shakira com bloqueios, metr\u00f4 24h e 7 mil agentes"},"content":{"rendered":"\n<p>O aguardado show de Shakira na Praia de Copacabana, neste s\u00e1bado (2), mobiliza uma das maiores opera\u00e7\u00f5es log\u00edsticas do ano na cidade. A expectativa \u00e9 de que cerca de 2 milh\u00f5es de pessoas acompanhem a apresenta\u00e7\u00e3o, exigindo um planejamento robusto para transporte, mobilidade urbana e seguran\u00e7a.<\/p>\n\n\n\n<p>De acordo com a Prefeitura do Rio de Janeiro, o p\u00fablico deve priorizar o uso do Metr\u00f4Rio. Tr\u00eas esta\u00e7\u00f5es em Copacabana v\u00e3o operar 24 horas, enquanto as demais funcionar\u00e3o at\u00e9 meia-noite e, depois disso, apenas para desembarque. Uma pulseira especial ser\u00e1 vendida para facilitar o retorno ap\u00f3s o evento.<\/p>\n\n\n\n<p>O sistema de transporte ser\u00e1 refor\u00e7ado com linhas extras de \u00f4nibus e opera\u00e7\u00e3o cont\u00ednua do VLT. J\u00e1 o tr\u00e2nsito no bairro sofrer\u00e1 restri\u00e7\u00f5es severas: a CET-Rio far\u00e1 interdi\u00e7\u00f5es gradativas ao longo do dia, com bloqueio total para carros particulares a partir do in\u00edcio da noite. A orienta\u00e7\u00e3o \u00e9 evitar ir de ve\u00edculo pr\u00f3prio.<\/p>\n\n\n\n<p>Na \u00e1rea de seguran\u00e7a, mais de 7 mil agentes estar\u00e3o nas ruas para monitorar o evento e garantir a ordem p\u00fablica. A opera\u00e7\u00e3o envolve policiamento ostensivo, controle de acesso e organiza\u00e7\u00e3o do fluxo de pessoas.<\/p>\n\n\n\n<p>Com estrutura inspirada em grandes shows internacionais, o evento promete transformar a orla carioca em um verdadeiro palco a c\u00e9u aberto, reunindo f\u00e3s de diversas partes do pa\u00eds em uma noite hist\u00f3rica.<\/p>\n","protected":false},"excerpt":{"rendered":"<p>O aguardado show de Shakira na Praia de Copacabana, neste s\u00e1bado (2), mobiliza uma das maiores opera\u00e7\u00f5es log\u00edsticas do ano na cidade. A expectativa \u00e9 de que cerca de 2 milh\u00f5es de pessoas acompanhem a apresenta\u00e7\u00e3o, exigindo um planejamento robusto para transporte, mobilidade urbana e seguran\u00e7a. De acordo com a Prefeitura do Rio de Janeiro, \u2026<\/p>\n","protected":false},"author":2,"featured_media":2998,"comment_status":"closed","ping_status":"open","sticky":false,"template":"","format":"standard","meta":{"footnotes":""},"categories":[32],"tags":[],"class_list":["post-2999","post","type-post","status-publish","format-standard","has-post-thumbnail","hentry","category-famosos"],"featured_image_urls":{"full":["https:\/\/famatv.com.br\/wp-content\/uploads\/2026\/05\/IMG_2669.webp",900,506,false],"thumbnail":["https:\/\/famatv.com.br\/wp-content\/uploads\/2026\/05\/IMG_2669-150x150.webp",150,150,true],"medium":["https:\/\/famatv.com.br\/wp-content\/uploads\/2026\/05\/IMG_2669-300x169.webp",300,169,true],"medium_large":["https:\/\/famatv.com.br\/wp-content\/uploads\/2026\/05\/IMG_2669-768x432.webp",768,432,true],"large":["https:\/\/famatv.com.br\/wp-content\/uploads\/2026\/05\/IMG_2669.webp",900,506,false],"1536x1536":["https:\/\/famatv.com.br\/wp-content\/uploads\/2026\/05\/IMG_2669.webp",900,506,false],"2048x2048":["https:\/\/famatv.com.br\/wp-content\/uploads\/2026\/05\/IMG_2669.webp",900,506,false]},"author_info":{"info":["assessoriadefamosos"]},"category_info":"<a href=\"https:\/\/famatv.com.br\/index.php\/category\/famosos\/\" rel=\"category tag\">Famosos<\/a>","tag_info":"Famosos","comment_count":"0","_links":{"self":[{"href":"https:\/\/famatv.com.br\/index.php\/wp-json\/wp\/v2\/posts\/2999","targetHints":{"allow":["GET"]}}],"collection":[{"href":"https:\/\/famatv.com.br\/index.php\/wp-json\/wp\/v2\/posts"}],"about":[{"href":"https:\/\/famatv.com.br\/index.php\/wp-json\/wp\/v2\/types\/post"}],"author":[{"embeddable":true,"href":"https:\/\/famatv.com.br\/index.php\/wp-json\/wp\/v2\/users\/2"}],"replies":[{"embeddable":true,"href":"https:\/\/famatv.com.br\/index.php\/wp-json\/wp\/v2\/comments?post=2999"}],"version-history":[{"count":1,"href":"https:\/\/famatv.com.br\/index.php\/wp-json\/wp\/v2\/posts\/2999\/revisions"}],"predecessor-version":[{"id":3000,"href":"https:\/\/famatv.com.br\/index.php\/wp-json\/wp\/v2\/posts\/2999\/revisions\/3000"}],"wp:featuredmedia":[{"embeddable":true,"href":"https:\/\/famatv.com.br\/index.php\/wp-json\/wp\/v2\/media\/2998"}],"wp:attachment":[{"href":"https:\/\/famatv.com.br\/index.php\/wp-json\/wp\/v2\/media?parent=2999"}],"wp:term":[{"taxonomy":"category","embeddable":true,"href":"https:\/\/famatv.com.br\/index.php\/wp-json\/wp\/v2\/categories?post=2999"},{"taxonomy":"post_tag","embeddable":true,"href":"https:\/\/famatv.com.br\/index.php\/wp-json\/wp\/v2\/tags?post=2999"}],"curies":[{"name":"wp","href":"https:\/\/api.w.org\/{rel}","templated":true}]}}