{"id":3002,"date":"2026-05-01T15:32:03","date_gmt":"2026-05-01T15:32:03","guid":{"rendered":"https:\/\/famatv.com.br\/?p=3002"},"modified":"2026-05-01T15:32:03","modified_gmt":"2026-05-01T15:32:03","slug":"milena-lages-muda-de-carreira-apos-o-bbb-26-e-projeta-futuro-na-tv-novos-caminhos","status":"publish","type":"post","link":"https:\/\/famatv.com.br\/index.php\/2026\/05\/01\/milena-lages-muda-de-carreira-apos-o-bbb-26-e-projeta-futuro-na-tv-novos-caminhos\/","title":{"rendered":"Milena Lages muda de carreira ap\u00f3s o BBB 26 e projeta futuro na TV: \u201cNovos caminhos\u201d"},"content":{"rendered":"\n<p>Ap\u00f3s conquistar o segundo lugar no Big Brother Brasil 26, Milena Lages inicia uma nova fase profissional e j\u00e1 planeja os pr\u00f3ximos passos na televis\u00e3o. A ex-sister revelou que tem recebido convites e estuda possibilidades para ingressar de vez no meio art\u00edstico.<\/p>\n\n\n\n<p>Conhecida por sua atua\u00e7\u00e3o como recreadora infantil antes do reality, Milena afirma que a experi\u00eancia foi essencial para desenvolver sua comunica\u00e7\u00e3o e espontaneidade \u2014 caracter\u00edsticas que chamaram aten\u00e7\u00e3o do p\u00fablico durante o programa. Agora, ela pretende usar essas habilidades em novos formatos, especialmente na TV.<\/p>\n\n\n\n<p>\u201cEstou aberta a oportunidades e quero experimentar coisas novas\u201d, afirmou. Mesmo com a mudan\u00e7a de rumo, a ex-BBB destacou que pretende manter a ess\u00eancia e, sempre que poss\u00edvel, conectar seus projetos ao universo infantil, \u00e1rea com a qual tem forte identifica\u00e7\u00e3o.<\/p>\n\n\n\n<p>Com a visibilidade conquistada e uma base s\u00f3lida de f\u00e3s, Milena se posiciona como um nome em ascens\u00e3o no entretenimento, apostando em autenticidade e versatilidade para construir sua trajet\u00f3ria fora do reality.<\/p>\n\n\n\n<p><\/p>\n","protected":false},"excerpt":{"rendered":"<p>Ap\u00f3s conquistar o segundo lugar no Big Brother Brasil 26, Milena Lages inicia uma nova fase profissional e j\u00e1 planeja os pr\u00f3ximos passos na televis\u00e3o. A ex-sister revelou que tem recebido convites e estuda possibilidades para ingressar de vez no meio art\u00edstico. Conhecida por sua atua\u00e7\u00e3o como recreadora infantil antes do reality, Milena afirma que \u2026<\/p>\n","protected":false},"author":2,"featured_media":3001,"comment_status":"closed","ping_status":"open","sticky":false,"template":"","format":"standard","meta":{"footnotes":""},"categories":[32],"tags":[],"class_list":["post-3002","post","type-post","status-publish","format-standard","has-post-thumbnail","hentry","category-famosos"],"featured_image_urls":{"full":["https:\/\/famatv.com.br\/wp-content\/uploads\/2026\/05\/IMG_2670.webp",990,619,false],"thumbnail":["https:\/\/famatv.com.br\/wp-content\/uploads\/2026\/05\/IMG_2670-150x150.webp",150,150,true],"medium":["https:\/\/famatv.com.br\/wp-content\/uploads\/2026\/05\/IMG_2670-300x188.webp",300,188,true],"medium_large":["https:\/\/famatv.com.br\/wp-content\/uploads\/2026\/05\/IMG_2670-768x480.webp",768,480,true],"large":["https:\/\/famatv.com.br\/wp-content\/uploads\/2026\/05\/IMG_2670.webp",990,619,false],"1536x1536":["https:\/\/famatv.com.br\/wp-content\/uploads\/2026\/05\/IMG_2670.webp",990,619,false],"2048x2048":["https:\/\/famatv.com.br\/wp-content\/uploads\/2026\/05\/IMG_2670.webp",990,619,false]},"author_info":{"info":["assessoriadefamosos"]},"category_info":"<a href=\"https:\/\/famatv.com.br\/index.php\/category\/famosos\/\" rel=\"category tag\">Famosos<\/a>","tag_info":"Famosos","comment_count":"0","_links":{"self":[{"href":"https:\/\/famatv.com.br\/index.php\/wp-json\/wp\/v2\/posts\/3002","targetHints":{"allow":["GET"]}}],"collection":[{"href":"https:\/\/famatv.com.br\/index.php\/wp-json\/wp\/v2\/posts"}],"about":[{"href":"https:\/\/famatv.com.br\/index.php\/wp-json\/wp\/v2\/types\/post"}],"author":[{"embeddable":true,"href":"https:\/\/famatv.com.br\/index.php\/wp-json\/wp\/v2\/users\/2"}],"replies":[{"embeddable":true,"href":"https:\/\/famatv.com.br\/index.php\/wp-json\/wp\/v2\/comments?post=3002"}],"version-history":[{"count":1,"href":"https:\/\/famatv.com.br\/index.php\/wp-json\/wp\/v2\/posts\/3002\/revisions"}],"predecessor-version":[{"id":3003,"href":"https:\/\/famatv.com.br\/index.php\/wp-json\/wp\/v2\/posts\/3002\/revisions\/3003"}],"wp:featuredmedia":[{"embeddable":true,"href":"https:\/\/famatv.com.br\/index.php\/wp-json\/wp\/v2\/media\/3001"}],"wp:attachment":[{"href":"https:\/\/famatv.com.br\/index.php\/wp-json\/wp\/v2\/media?parent=3002"}],"wp:term":[{"taxonomy":"category","embeddable":true,"href":"https:\/\/famatv.com.br\/index.php\/wp-json\/wp\/v2\/categories?post=3002"},{"taxonomy":"post_tag","embeddable":true,"href":"https:\/\/famatv.com.br\/index.php\/wp-json\/wp\/v2\/tags?post=3002"}],"curies":[{"name":"wp","href":"https:\/\/api.w.org\/{rel}","templated":true}]}}