{"id":3008,"date":"2026-05-01T15:42:04","date_gmt":"2026-05-01T15:42:04","guid":{"rendered":"https:\/\/famatv.com.br\/?p=3008"},"modified":"2026-05-01T15:42:04","modified_gmt":"2026-05-01T15:42:04","slug":"jarbas-homem-de-mello-admite-receio-de-assumir-namoro-com-claudia-raia-no-inicio-da-relacao","status":"publish","type":"post","link":"https:\/\/famatv.com.br\/index.php\/2026\/05\/01\/jarbas-homem-de-mello-admite-receio-de-assumir-namoro-com-claudia-raia-no-inicio-da-relacao\/","title":{"rendered":"Jarbas Homem de Mello admite receio de assumir namoro com Claudia Raia no in\u00edcio da rela\u00e7\u00e3o"},"content":{"rendered":"\n<p>O ator Jarbas Homem de Mello abriu o jogo sobre o in\u00edcio de seu relacionamento com Claudia Raia e revelou que teve medo de tornar o romance p\u00fablico. Segundo ele, a preocupa\u00e7\u00e3o principal era o poss\u00edvel impacto negativo em sua carreira.<\/p>\n\n\n\n<p>Durante participa\u00e7\u00e3o no programa <em>Maria Vai com os Outros<\/em>, apresentado por Maria Ribeiro, Jarbas contou que o casal chegou a manter o namoro em segredo por um per\u00edodo. A decis\u00e3o foi motivada pela inseguran\u00e7a diante da repercuss\u00e3o que a rela\u00e7\u00e3o poderia gerar.<\/p>\n\n\n\n<p>O ator explicou que, na \u00e9poca, temia julgamentos e r\u00f3tulos no meio art\u00edstico, especialmente por Claudia j\u00e1 ser uma figura consagrada. Com o passar do tempo, no entanto, os dois decidiram assumir o relacionamento e encarar a exposi\u00e7\u00e3o de forma mais leve.<\/p>\n\n\n\n<p>Hoje, o casal vive uma rela\u00e7\u00e3o consolidada e costuma compartilhar momentos juntos, mostrando que superaram as inseguran\u00e7as do in\u00edcio. O relato destaca os desafios enfrentados por artistas ao equilibrar vida pessoal e imagem p\u00fablica.<\/p>\n","protected":false},"excerpt":{"rendered":"<p>O ator Jarbas Homem de Mello abriu o jogo sobre o in\u00edcio de seu relacionamento com Claudia Raia e revelou que teve medo de tornar o romance p\u00fablico. Segundo ele, a preocupa\u00e7\u00e3o principal era o poss\u00edvel impacto negativo em sua carreira. Durante participa\u00e7\u00e3o no programa Maria Vai com os Outros, apresentado por Maria Ribeiro, Jarbas \u2026<\/p>\n","protected":false},"author":2,"featured_media":3007,"comment_status":"closed","ping_status":"open","sticky":false,"template":"","format":"standard","meta":{"footnotes":""},"categories":[32],"tags":[],"class_list":["post-3008","post","type-post","status-publish","format-standard","has-post-thumbnail","hentry","category-famosos"],"featured_image_urls":{"full":["https:\/\/famatv.com.br\/wp-content\/uploads\/2026\/05\/IMG_2673.webp",990,619,false],"thumbnail":["https:\/\/famatv.com.br\/wp-content\/uploads\/2026\/05\/IMG_2673-150x150.webp",150,150,true],"medium":["https:\/\/famatv.com.br\/wp-content\/uploads\/2026\/05\/IMG_2673-300x188.webp",300,188,true],"medium_large":["https:\/\/famatv.com.br\/wp-content\/uploads\/2026\/05\/IMG_2673-768x480.webp",768,480,true],"large":["https:\/\/famatv.com.br\/wp-content\/uploads\/2026\/05\/IMG_2673.webp",990,619,false],"1536x1536":["https:\/\/famatv.com.br\/wp-content\/uploads\/2026\/05\/IMG_2673.webp",990,619,false],"2048x2048":["https:\/\/famatv.com.br\/wp-content\/uploads\/2026\/05\/IMG_2673.webp",990,619,false]},"author_info":{"info":["assessoriadefamosos"]},"category_info":"<a href=\"https:\/\/famatv.com.br\/index.php\/category\/famosos\/\" rel=\"category tag\">Famosos<\/a>","tag_info":"Famosos","comment_count":"0","_links":{"self":[{"href":"https:\/\/famatv.com.br\/index.php\/wp-json\/wp\/v2\/posts\/3008","targetHints":{"allow":["GET"]}}],"collection":[{"href":"https:\/\/famatv.com.br\/index.php\/wp-json\/wp\/v2\/posts"}],"about":[{"href":"https:\/\/famatv.com.br\/index.php\/wp-json\/wp\/v2\/types\/post"}],"author":[{"embeddable":true,"href":"https:\/\/famatv.com.br\/index.php\/wp-json\/wp\/v2\/users\/2"}],"replies":[{"embeddable":true,"href":"https:\/\/famatv.com.br\/index.php\/wp-json\/wp\/v2\/comments?post=3008"}],"version-history":[{"count":1,"href":"https:\/\/famatv.com.br\/index.php\/wp-json\/wp\/v2\/posts\/3008\/revisions"}],"predecessor-version":[{"id":3009,"href":"https:\/\/famatv.com.br\/index.php\/wp-json\/wp\/v2\/posts\/3008\/revisions\/3009"}],"wp:featuredmedia":[{"embeddable":true,"href":"https:\/\/famatv.com.br\/index.php\/wp-json\/wp\/v2\/media\/3007"}],"wp:attachment":[{"href":"https:\/\/famatv.com.br\/index.php\/wp-json\/wp\/v2\/media?parent=3008"}],"wp:term":[{"taxonomy":"category","embeddable":true,"href":"https:\/\/famatv.com.br\/index.php\/wp-json\/wp\/v2\/categories?post=3008"},{"taxonomy":"post_tag","embeddable":true,"href":"https:\/\/famatv.com.br\/index.php\/wp-json\/wp\/v2\/tags?post=3008"}],"curies":[{"name":"wp","href":"https:\/\/api.w.org\/{rel}","templated":true}]}}