{"id":3011,"date":"2026-05-01T15:47:12","date_gmt":"2026-05-01T15:47:12","guid":{"rendered":"https:\/\/famatv.com.br\/?p=3011"},"modified":"2026-05-01T15:47:12","modified_gmt":"2026-05-01T15:47:12","slug":"barbara-evans-abre-o-coracao-sobre-uso-continuo-de-remedio-e-admite-dependencia-e-uma-luta-diaria","status":"publish","type":"post","link":"https:\/\/famatv.com.br\/index.php\/2026\/05\/01\/barbara-evans-abre-o-coracao-sobre-uso-continuo-de-remedio-e-admite-dependencia-e-uma-luta-diaria\/","title":{"rendered":"B\u00e1rbara Evans abre o cora\u00e7\u00e3o sobre uso cont\u00ednuo de rem\u00e9dio e admite depend\u00eancia: \u201c\u00c9 uma luta di\u00e1ria\u201d"},"content":{"rendered":"\n<p>A influenciadora B\u00e1rbara Evans fez um desabafo sincero nas redes sociais ao revelar que enfrenta depend\u00eancia de Clonazepam ap\u00f3s anos de uso. Segundo ela, o rem\u00e9dio, inicialmente utilizado para ajudar no sono, acabou se tornando parte indispens\u00e1vel de sua rotina.<\/p>\n\n\n\n<p>B\u00e1rbara contou que a situa\u00e7\u00e3o se desenvolveu ao longo de cerca de cinco anos e que, atualmente, encontra dificuldades para dormir sem o aux\u00edlio da medica\u00e7\u00e3o. \u201cN\u00e3o \u00e9 algo simples de resolver\u201d, afirmou, ao relatar os desafios enfrentados.<\/p>\n\n\n\n<p>Filha de Monique Evans, a influenciadora explicou que conseguiu interromper o uso durante as gesta\u00e7\u00f5es, mas voltou ap\u00f3s a fase de amamenta\u00e7\u00e3o. Ela destacou que o cansa\u00e7o, a rotina intensa e as responsabilidades com os filhos influenciaram diretamente na retomada.<\/p>\n\n\n\n<p>Ao compartilhar sua experi\u00eancia, B\u00e1rbara trouxe \u00e0 tona um tema sens\u00edvel e pouco discutido: a depend\u00eancia de medicamentos controlados. A repercuss\u00e3o nas redes foi imediata, com seguidores demonstrando apoio e levantando reflex\u00f5es sobre a import\u00e2ncia do acompanhamento m\u00e9dico e do cuidado com a sa\u00fade mental.<\/p>\n\n\n\n<p>Apesar das dificuldades, ela afirmou que reconhece o problema e busca alternativas para lidar com a situa\u00e7\u00e3o, refor\u00e7ando que o processo exige paci\u00eancia e apoio profissional.<\/p>\n","protected":false},"excerpt":{"rendered":"<p>A influenciadora B\u00e1rbara Evans fez um desabafo sincero nas redes sociais ao revelar que enfrenta depend\u00eancia de Clonazepam ap\u00f3s anos de uso. Segundo ela, o rem\u00e9dio, inicialmente utilizado para ajudar no sono, acabou se tornando parte indispens\u00e1vel de sua rotina. B\u00e1rbara contou que a situa\u00e7\u00e3o se desenvolveu ao longo de cerca de cinco anos e \u2026<\/p>\n","protected":false},"author":2,"featured_media":3010,"comment_status":"closed","ping_status":"open","sticky":false,"template":"","format":"standard","meta":{"footnotes":""},"categories":[32],"tags":[],"class_list":["post-3011","post","type-post","status-publish","format-standard","has-post-thumbnail","hentry","category-famosos"],"featured_image_urls":{"full":["https:\/\/famatv.com.br\/wp-content\/uploads\/2026\/05\/IMG_2676.webp",990,619,false],"thumbnail":["https:\/\/famatv.com.br\/wp-content\/uploads\/2026\/05\/IMG_2676-150x150.webp",150,150,true],"medium":["https:\/\/famatv.com.br\/wp-content\/uploads\/2026\/05\/IMG_2676-300x188.webp",300,188,true],"medium_large":["https:\/\/famatv.com.br\/wp-content\/uploads\/2026\/05\/IMG_2676-768x480.webp",768,480,true],"large":["https:\/\/famatv.com.br\/wp-content\/uploads\/2026\/05\/IMG_2676.webp",990,619,false],"1536x1536":["https:\/\/famatv.com.br\/wp-content\/uploads\/2026\/05\/IMG_2676.webp",990,619,false],"2048x2048":["https:\/\/famatv.com.br\/wp-content\/uploads\/2026\/05\/IMG_2676.webp",990,619,false]},"author_info":{"info":["assessoriadefamosos"]},"category_info":"<a href=\"https:\/\/famatv.com.br\/index.php\/category\/famosos\/\" rel=\"category tag\">Famosos<\/a>","tag_info":"Famosos","comment_count":"0","_links":{"self":[{"href":"https:\/\/famatv.com.br\/index.php\/wp-json\/wp\/v2\/posts\/3011","targetHints":{"allow":["GET"]}}],"collection":[{"href":"https:\/\/famatv.com.br\/index.php\/wp-json\/wp\/v2\/posts"}],"about":[{"href":"https:\/\/famatv.com.br\/index.php\/wp-json\/wp\/v2\/types\/post"}],"author":[{"embeddable":true,"href":"https:\/\/famatv.com.br\/index.php\/wp-json\/wp\/v2\/users\/2"}],"replies":[{"embeddable":true,"href":"https:\/\/famatv.com.br\/index.php\/wp-json\/wp\/v2\/comments?post=3011"}],"version-history":[{"count":1,"href":"https:\/\/famatv.com.br\/index.php\/wp-json\/wp\/v2\/posts\/3011\/revisions"}],"predecessor-version":[{"id":3012,"href":"https:\/\/famatv.com.br\/index.php\/wp-json\/wp\/v2\/posts\/3011\/revisions\/3012"}],"wp:featuredmedia":[{"embeddable":true,"href":"https:\/\/famatv.com.br\/index.php\/wp-json\/wp\/v2\/media\/3010"}],"wp:attachment":[{"href":"https:\/\/famatv.com.br\/index.php\/wp-json\/wp\/v2\/media?parent=3011"}],"wp:term":[{"taxonomy":"category","embeddable":true,"href":"https:\/\/famatv.com.br\/index.php\/wp-json\/wp\/v2\/categories?post=3011"},{"taxonomy":"post_tag","embeddable":true,"href":"https:\/\/famatv.com.br\/index.php\/wp-json\/wp\/v2\/tags?post=3011"}],"curies":[{"name":"wp","href":"https:\/\/api.w.org\/{rel}","templated":true}]}}