{"id":3023,"date":"2026-05-01T16:22:12","date_gmt":"2026-05-01T16:22:12","guid":{"rendered":"https:\/\/famatv.com.br\/?p=3023"},"modified":"2026-05-01T16:22:12","modified_gmt":"2026-05-01T16:22:12","slug":"xuxa-rebate-fala-de-alberto-cowboy-e-se-irrita-com-acusacao-sobre-o-bbb","status":"publish","type":"post","link":"https:\/\/famatv.com.br\/index.php\/2026\/05\/01\/xuxa-rebate-fala-de-alberto-cowboy-e-se-irrita-com-acusacao-sobre-o-bbb\/","title":{"rendered":"Xuxa rebate fala de Alberto Cowboy e se irrita com acusa\u00e7\u00e3o sobre o BBB"},"content":{"rendered":"\n<p>A apresentadora Xuxa Meneghel se manifestou publicamente ap\u00f3s declara\u00e7\u00f5es de Alberto Cowboy envolvendo os bastidores do Big Brother Brasil. A pol\u00eamica come\u00e7ou quando o ex-BBB afirmou, em um podcast, que a produ\u00e7\u00e3o teria mantido o ar-condicionado em temperatura muito baixa enquanto ele estava doente.<\/p>\n\n\n\n<p>Segundo Alberto, a situa\u00e7\u00e3o teria agravado seu estado de sa\u00fade dentro da casa, a ponto de ele optar por dormir na \u00e1rea externa, em uma espregui\u00e7adeira pr\u00f3xima \u00e0 piscina, mesmo sendo o l\u00edder da semana.<\/p>\n\n\n\n<p>A declara\u00e7\u00e3o n\u00e3o foi bem recebida por Xuxa, que saiu em defesa da equipe do programa e contestou a vers\u00e3o apresentada. Pelas redes sociais, a apresentadora demonstrou irrita\u00e7\u00e3o e questionou a veracidade do relato, reacendendo discuss\u00f5es sobre as condi\u00e7\u00f5es enfrentadas pelos participantes durante o confinamento.<\/p>\n\n\n\n<p>O epis\u00f3dio rapidamente repercutiu entre f\u00e3s do reality, dividindo opini\u00f5es e trazendo \u00e0 tona debates sobre os bastidores e a din\u00e2mica do programa.<\/p>\n","protected":false},"excerpt":{"rendered":"<p>A apresentadora Xuxa Meneghel se manifestou publicamente ap\u00f3s declara\u00e7\u00f5es de Alberto Cowboy envolvendo os bastidores do Big Brother Brasil. A pol\u00eamica come\u00e7ou quando o ex-BBB afirmou, em um podcast, que a produ\u00e7\u00e3o teria mantido o ar-condicionado em temperatura muito baixa enquanto ele estava doente. Segundo Alberto, a situa\u00e7\u00e3o teria agravado seu estado de sa\u00fade dentro \u2026<\/p>\n","protected":false},"author":2,"featured_media":3022,"comment_status":"closed","ping_status":"open","sticky":false,"template":"","format":"standard","meta":{"footnotes":""},"categories":[32],"tags":[],"class_list":["post-3023","post","type-post","status-publish","format-standard","has-post-thumbnail","hentry","category-famosos"],"featured_image_urls":{"full":["https:\/\/famatv.com.br\/wp-content\/uploads\/2026\/05\/IMG_2681.webp",900,600,false],"thumbnail":["https:\/\/famatv.com.br\/wp-content\/uploads\/2026\/05\/IMG_2681-150x150.webp",150,150,true],"medium":["https:\/\/famatv.com.br\/wp-content\/uploads\/2026\/05\/IMG_2681-300x200.webp",300,200,true],"medium_large":["https:\/\/famatv.com.br\/wp-content\/uploads\/2026\/05\/IMG_2681-768x512.webp",768,512,true],"large":["https:\/\/famatv.com.br\/wp-content\/uploads\/2026\/05\/IMG_2681.webp",900,600,false],"1536x1536":["https:\/\/famatv.com.br\/wp-content\/uploads\/2026\/05\/IMG_2681.webp",900,600,false],"2048x2048":["https:\/\/famatv.com.br\/wp-content\/uploads\/2026\/05\/IMG_2681.webp",900,600,false]},"author_info":{"info":["assessoriadefamosos"]},"category_info":"<a href=\"https:\/\/famatv.com.br\/index.php\/category\/famosos\/\" rel=\"category tag\">Famosos<\/a>","tag_info":"Famosos","comment_count":"0","_links":{"self":[{"href":"https:\/\/famatv.com.br\/index.php\/wp-json\/wp\/v2\/posts\/3023","targetHints":{"allow":["GET"]}}],"collection":[{"href":"https:\/\/famatv.com.br\/index.php\/wp-json\/wp\/v2\/posts"}],"about":[{"href":"https:\/\/famatv.com.br\/index.php\/wp-json\/wp\/v2\/types\/post"}],"author":[{"embeddable":true,"href":"https:\/\/famatv.com.br\/index.php\/wp-json\/wp\/v2\/users\/2"}],"replies":[{"embeddable":true,"href":"https:\/\/famatv.com.br\/index.php\/wp-json\/wp\/v2\/comments?post=3023"}],"version-history":[{"count":1,"href":"https:\/\/famatv.com.br\/index.php\/wp-json\/wp\/v2\/posts\/3023\/revisions"}],"predecessor-version":[{"id":3024,"href":"https:\/\/famatv.com.br\/index.php\/wp-json\/wp\/v2\/posts\/3023\/revisions\/3024"}],"wp:featuredmedia":[{"embeddable":true,"href":"https:\/\/famatv.com.br\/index.php\/wp-json\/wp\/v2\/media\/3022"}],"wp:attachment":[{"href":"https:\/\/famatv.com.br\/index.php\/wp-json\/wp\/v2\/media?parent=3023"}],"wp:term":[{"taxonomy":"category","embeddable":true,"href":"https:\/\/famatv.com.br\/index.php\/wp-json\/wp\/v2\/categories?post=3023"},{"taxonomy":"post_tag","embeddable":true,"href":"https:\/\/famatv.com.br\/index.php\/wp-json\/wp\/v2\/tags?post=3023"}],"curies":[{"name":"wp","href":"https:\/\/api.w.org\/{rel}","templated":true}]}}