{"id":3026,"date":"2026-05-01T18:05:18","date_gmt":"2026-05-01T18:05:18","guid":{"rendered":"https:\/\/famatv.com.br\/?p=3026"},"modified":"2026-05-01T18:05:18","modified_gmt":"2026-05-01T18:05:18","slug":"alok-em-destaque-entrevista-imperdivel-na-expoagro-com-o-hora-da-fama","status":"publish","type":"post","link":"https:\/\/famatv.com.br\/index.php\/2026\/05\/01\/alok-em-destaque-entrevista-imperdivel-na-expoagro-com-o-hora-da-fama\/","title":{"rendered":"Alok em destaque: Entrevista Imperd\u00edvel na Expoagro com o \u2018Hora da Fama&#8217;"},"content":{"rendered":"\n<p>Na \u00faltima quinta-feira, 30 de abril, a Expoagro Bragan\u00e7a Paulista se transformou em um verdadeiro palco de celebra\u00e7\u00e3o e m\u00fasica, recebendo o renomado DJ Alok para uma entrevista exclusiva no programa \u201cHora da Fama\u201d, da Rede TV. Sob a condu\u00e7\u00e3o do carism\u00e1tico rep\u00f3rter Hulk Magrelo, o encontro foi um marco para os amantes da m\u00fasica eletr\u00f4nica e um destaque especial no evento.<\/p>\n\n\n\n<p><strong>A Entrevista<\/strong>\nDurante a conversa, Alok compartilhou sua rica trajet\u00f3ria no mundo da m\u00fasica, desde os primeiros passos at\u00e9 se tornar um dos maiores nomes da cena eletr\u00f4nica global. Ele falou sobre os desafios enfrentados na ind\u00fastria, sua paix\u00e3o pela m\u00fasica e a incessante busca por inova\u00e7\u00e3o em suas performances. O DJ, conhecido por sua energia contagiante, n\u00e3o hesitou em interagir com o p\u00fablico, revelando detalhes sobre seus pr\u00f3ximos projetos e colabora\u00e7\u00f5es.<\/p>\n\n\n<!-- wp:image \"id\":203894 -->\n<figure class=\"wp-block-image\"><img decoding=\"async\" src=\"https:\/\/tonamidia.com.br\/wp-content\/uploads\/2026\/05\/alok-noprogramahoradafama-03-01mai26_tonamidia.jpg\" alt=\"\" class=\"wp-image-203894\" \/><\/figure>\n<!-- \/wp:post-content -->\n\n<!-- wp:paragraph -->\n<p><strong>O Evento<\/strong>\nA Expoagro atraiu milhares de f\u00e3s e proporcionou uma atmosfera vibrante, repleta de performances eletrizantes. Alok destacou a import\u00e2ncia de estar pr\u00f3ximo de seu p\u00fablico e de conectar-se com as novas gera\u00e7\u00f5es, algo que ele acredita ser essencial para o futuro da m\u00fasica. Esse contato direto com os f\u00e3s fez do evento uma experi\u00eancia inesquec\u00edvel para todos os presentes.<\/p>\n<!-- \/wp:paragraph -->\n\n<!-- wp:paragraph -->\n<p>O Programa &#8220;Hora da Fama&#8221;\nA entrevista foi um dos destaques da temporada do \u201cHora da Fama\u201d, que \u00e9 dirigido por Murillo Conventi, um dos empres\u00e1rios mais influentes do Brasil. Murillo teve a vis\u00e3o de criar um programa independente, que n\u00e3o apenas celebra grandes nomes da m\u00fasica, mas tamb\u00e9m oferece uma plataforma para cantores iniciantes. Essa abordagem inovadora destaca o compromisso do programa em fomentar a cultura musical e dar voz a novos talentos.<\/p>\n<!-- \/wp:paragraph -->\n\n<!-- wp:image \"id\":203893 -->\n<figure class=\"wp-block-image\"><img decoding=\"async\" src=\"https:\/\/tonamidia.com.br\/wp-content\/uploads\/2026\/05\/alok-noprogramahoradafama-02-01mai26_tonamidia.jpg\" alt=\"\" class=\"wp-image-203893\" \/><\/figure>\n<!-- \/wp:image -->\n\n<!-- wp:paragraph -->\n<p>Com um p\u00fablico empolgado e uma atmosfera de celebra\u00e7\u00e3o, a Expoagro se consolidou como um ponto de encontro para amantes da m\u00fasica e da cultura. A participa\u00e7\u00e3o de Alok elevou ainda mais o evento, tornando-o inesquec\u00edvel e recheado de momentos memor\u00e1veis. Foi uma oportunidade \u00fanica para os f\u00e3s conhecerem mais sobre um dos \u00edcones da m\u00fasica contempor\u00e2nea, em um evento que certamente ficar\u00e1 na mem\u00f3ria de todos os presentes.<\/p>\n<!-- \/wp:paragraph -->\n\n<!-- wp:paragraph -->\n<p>Essa reportagem \u00e9 um tributo \u00e0 m\u00fasica e \u00e0 cultura, ressaltando a import\u00e2ncia de eventos como a Expoagro e programas como \u201cHora da Fama\u201d na promo\u00e7\u00e3o de novos talentos e na celebra\u00e7\u00e3o de grandes artistas.<\/p>\n<!-- \/wp:paragraph -->\n\n<!-- wp:paragraph -->\n<p><strong>>> Instagram: <a href=\"https:\/\/www.instagram.com\/programahoradafama\" target=\"_blank\" rel=\"noreferrer noopener\">@programahoradafama<\/a><\/strong><\/p>\n<!-- \/wp:paragraph -->\n\n<!-- wp:paragraph -->\n<p>#claudelopes70 #alok #horadafama<\/p>\n<!-- \/wp:paragraph -->","protected":false},"excerpt":{"rendered":"<p>Na \u00faltima quinta-feira, 30 de abril, a Expoagro Bragan\u00e7a Paulista se transformou em um verdadeiro palco de celebra\u00e7\u00e3o e m\u00fasica, recebendo o renomado DJ Alok para uma entrevista exclusiva no programa \u201cHora da Fama\u201d, da Rede TV. Sob a condu\u00e7\u00e3o do carism\u00e1tico rep\u00f3rter Hulk Magrelo, o encontro foi um marco para os amantes da m\u00fasica \u2026<\/p>\n","protected":false},"author":2,"featured_media":3025,"comment_status":"closed","ping_status":"open","sticky":false,"template":"","format":"standard","meta":{"footnotes":""},"categories":[33,46],"tags":[57,35,58],"class_list":["post-3026","post","type-post","status-publish","format-standard","has-post-thumbnail","hentry","category-geral","category-tv","tag-alok","tag-claudelopes70","tag-horadafama"],"featured_image_urls":{"full":["https:\/\/famatv.com.br\/wp-content\/uploads\/2026\/05\/alok-noprogramahoradafama-01-01mai26_mavicaassessoria.jpg",760,428,false],"thumbnail":["https:\/\/famatv.com.br\/wp-content\/uploads\/2026\/05\/alok-noprogramahoradafama-01-01mai26_mavicaassessoria-150x150.jpg",150,150,true],"medium":["https:\/\/famatv.com.br\/wp-content\/uploads\/2026\/05\/alok-noprogramahoradafama-01-01mai26_mavicaassessoria-300x169.jpg",300,169,true],"medium_large":["https:\/\/famatv.com.br\/wp-content\/uploads\/2026\/05\/alok-noprogramahoradafama-01-01mai26_mavicaassessoria.jpg",760,428,false],"large":["https:\/\/famatv.com.br\/wp-content\/uploads\/2026\/05\/alok-noprogramahoradafama-01-01mai26_mavicaassessoria.jpg",760,428,false],"1536x1536":["https:\/\/famatv.com.br\/wp-content\/uploads\/2026\/05\/alok-noprogramahoradafama-01-01mai26_mavicaassessoria.jpg",760,428,false],"2048x2048":["https:\/\/famatv.com.br\/wp-content\/uploads\/2026\/05\/alok-noprogramahoradafama-01-01mai26_mavicaassessoria.jpg",760,428,false]},"author_info":{"info":["assessoriadefamosos"]},"category_info":"<a href=\"https:\/\/famatv.com.br\/index.php\/category\/geral\/\" rel=\"category tag\">Geral<\/a> <a href=\"https:\/\/famatv.com.br\/index.php\/category\/tv\/\" rel=\"category tag\">TV<\/a>","tag_info":"TV","comment_count":"0","_links":{"self":[{"href":"https:\/\/famatv.com.br\/index.php\/wp-json\/wp\/v2\/posts\/3026","targetHints":{"allow":["GET"]}}],"collection":[{"href":"https:\/\/famatv.com.br\/index.php\/wp-json\/wp\/v2\/posts"}],"about":[{"href":"https:\/\/famatv.com.br\/index.php\/wp-json\/wp\/v2\/types\/post"}],"author":[{"embeddable":true,"href":"https:\/\/famatv.com.br\/index.php\/wp-json\/wp\/v2\/users\/2"}],"replies":[{"embeddable":true,"href":"https:\/\/famatv.com.br\/index.php\/wp-json\/wp\/v2\/comments?post=3026"}],"version-history":[{"count":1,"href":"https:\/\/famatv.com.br\/index.php\/wp-json\/wp\/v2\/posts\/3026\/revisions"}],"predecessor-version":[{"id":3027,"href":"https:\/\/famatv.com.br\/index.php\/wp-json\/wp\/v2\/posts\/3026\/revisions\/3027"}],"wp:featuredmedia":[{"embeddable":true,"href":"https:\/\/famatv.com.br\/index.php\/wp-json\/wp\/v2\/media\/3025"}],"wp:attachment":[{"href":"https:\/\/famatv.com.br\/index.php\/wp-json\/wp\/v2\/media?parent=3026"}],"wp:term":[{"taxonomy":"category","embeddable":true,"href":"https:\/\/famatv.com.br\/index.php\/wp-json\/wp\/v2\/categories?post=3026"},{"taxonomy":"post_tag","embeddable":true,"href":"https:\/\/famatv.com.br\/index.php\/wp-json\/wp\/v2\/tags?post=3026"}],"curies":[{"name":"wp","href":"https:\/\/api.w.org\/{rel}","templated":true}]}}