{"id":3949,"date":"2026-06-20T18:18:05","date_gmt":"2026-06-20T18:18:05","guid":{"rendered":"https:\/\/famatv.com.br\/?p=3949"},"modified":"2026-06-20T18:18:05","modified_gmt":"2026-06-20T18:18:05","slug":"ana-hickmann-relembra-trajetoria-ao-mostrar-mansao-no-interior-cada-espaco-tem-uma-historia","status":"publish","type":"post","link":"https:\/\/famatv.com.br\/index.php\/2026\/06\/20\/ana-hickmann-relembra-trajetoria-ao-mostrar-mansao-no-interior-cada-espaco-tem-uma-historia\/","title":{"rendered":"Ana Hickmann relembra trajet\u00f3ria ao mostrar mans\u00e3o no interior: \u201cCada espa\u00e7o tem uma hist\u00f3ria\u201d"},"content":{"rendered":"<p>Ana Hickmann voltou a compartilhar momentos de sua vida pessoal com os seguidores e chamou aten\u00e7\u00e3o ao exibir detalhes da mans\u00e3o onde costuma passar parte do tempo longe da rotina intensa de trabalho. Localizada em Itu, no interior de S\u00e3o Paulo, a propriedade foi apresentada em uma s\u00e9rie de fotos acompanhadas por reflex\u00f5es sobre conquistas, dedica\u00e7\u00e3o e recome\u00e7os.<\/p>\n<p>Nas publica\u00e7\u00f5es, a apresentadora mostrou \u00e1reas externas, jardins e ambientes da resid\u00eancia, destacando o carinho que mant\u00e9m pelo local. Mais do que uma casa, o im\u00f3vel representa uma importante etapa de sua trajet\u00f3ria e re\u00fane lembran\u00e7as constru\u00eddas ao longo de anos.<\/p>\n<p>Ao comentar sobre a propriedade, Ana destacou o esfor\u00e7o investido para transformar o projeto em realidade. A comunicadora relembrou que o sonho foi sendo concretizado aos poucos, resultado de muito trabalho e planejamento ao longo da carreira.<\/p>\n<p>A mans\u00e3o tamb\u00e9m ficou conhecida por ter sido mencionada durante disputas patrimoniais que vieram \u00e0 tona ap\u00f3s o fim de seu casamento com Alexandre Correa. O im\u00f3vel chegou a ser alvo de discuss\u00f5es judiciais e acompanhou um dos per\u00edodos mais delicados da vida pessoal da apresentadora.<\/p>\n<p>Mesmo diante desse hist\u00f3rico, Ana preferiu adotar um tom positivo ao falar sobre a resid\u00eancia. Em vez de relembrar conflitos, ela destacou as mem\u00f3rias afetivas ligadas ao local e a satisfa\u00e7\u00e3o de continuar desfrutando de um espa\u00e7o que considera especial.<\/p>\n<p>Os registros rapidamente repercutiram entre os seguidores. Muitos internautas elogiaram a beleza da propriedade e destacaram a tranquilidade transmitida pelas imagens. Outros aproveitaram para enviar mensagens de apoio \u00e0 apresentadora, reconhecendo sua determina\u00e7\u00e3o diante dos desafios enfrentados nos \u00faltimos anos.<\/p>\n<p>Al\u00e9m da resid\u00eancia em Itu, Ana mant\u00e9m uma rotina dividida entre diferentes cidades por conta de compromissos profissionais. Ainda assim, ela costuma apontar o interior como um dos lugares onde consegue desacelerar e aproveitar momentos de descanso ao lado da fam\u00edlia.<\/p>\n<p>A publica\u00e7\u00e3o tamb\u00e9m despertou interesse por mostrar um lado mais \u00edntimo da apresentadora. Acostumada a compartilhar projetos de trabalho e participa\u00e7\u00f5es na televis\u00e3o, desta vez ela abriu espa\u00e7o para falar sobre sentimentos e sobre a import\u00e2ncia das conquistas pessoais.<\/p>\n<p>Para muitos admiradores, a mensagem transmitida foi al\u00e9m da exibi\u00e7\u00e3o de uma propriedade. O conte\u00fado foi interpretado como um s\u00edmbolo de supera\u00e7\u00e3o e de valoriza\u00e7\u00e3o das metas alcan\u00e7adas ap\u00f3s anos de dedica\u00e7\u00e3o.<\/p>\n<p>Ao revisitar a hist\u00f3ria por tr\u00e1s da mans\u00e3o, Ana Hickmann transformou uma simples sequ\u00eancia de fotos em um relato sobre perseveran\u00e7a, recome\u00e7os e orgulho pelas realiza\u00e7\u00f5es constru\u00eddas ao longo de sua trajet\u00f3ria.<\/p>\n<p><\/p>\n","protected":false},"excerpt":{"rendered":"<p>Ana Hickmann voltou a compartilhar momentos de sua vida pessoal com os seguidores e chamou aten\u00e7\u00e3o ao exibir detalhes da mans\u00e3o onde costuma passar parte do tempo longe da rotina intensa de trabalho. Localizada em Itu, no interior de S\u00e3o Paulo, a propriedade foi apresentada em uma s\u00e9rie de fotos acompanhadas por reflex\u00f5es sobre conquistas, [\u2026]<\/p>\n","protected":false},"author":2,"featured_media":3948,"comment_status":"closed","ping_status":"open","sticky":false,"template":"","format":"standard","meta":{"footnotes":""},"categories":[32],"tags":[],"class_list":["post-3949","post","type-post","status-publish","format-standard","has-post-thumbnail","hentry","category-famosos"],"featured_image_urls":{"full":["https:\/\/famatv.com.br\/wp-content\/uploads\/2026\/06\/v9wSMQia-Tamanho-portal-1.jpg",1200,900,false],"thumbnail":["https:\/\/famatv.com.br\/wp-content\/uploads\/2026\/06\/v9wSMQia-Tamanho-portal-1-150x150.jpg",150,150,true],"medium":["https:\/\/famatv.com.br\/wp-content\/uploads\/2026\/06\/v9wSMQia-Tamanho-portal-1-300x225.jpg",300,225,true],"medium_large":["https:\/\/famatv.com.br\/wp-content\/uploads\/2026\/06\/v9wSMQia-Tamanho-portal-1-768x576.jpg",640,480,true],"large":["https:\/\/famatv.com.br\/wp-content\/uploads\/2026\/06\/v9wSMQia-Tamanho-portal-1-1024x768.jpg",640,480,true],"1536x1536":["https:\/\/famatv.com.br\/wp-content\/uploads\/2026\/06\/v9wSMQia-Tamanho-portal-1.jpg",1200,900,false],"2048x2048":["https:\/\/famatv.com.br\/wp-content\/uploads\/2026\/06\/v9wSMQia-Tamanho-portal-1.jpg",1200,900,false]},"author_info":{"info":["assessoriadefamosos"]},"category_info":"<a href=\"https:\/\/famatv.com.br\/index.php\/category\/famosos\/\" rel=\"category tag\">Famosos<\/a>","tag_info":"Famosos","comment_count":"0","_links":{"self":[{"href":"https:\/\/famatv.com.br\/index.php\/wp-json\/wp\/v2\/posts\/3949","targetHints":{"allow":["GET"]}}],"collection":[{"href":"https:\/\/famatv.com.br\/index.php\/wp-json\/wp\/v2\/posts"}],"about":[{"href":"https:\/\/famatv.com.br\/index.php\/wp-json\/wp\/v2\/types\/post"}],"author":[{"embeddable":true,"href":"https:\/\/famatv.com.br\/index.php\/wp-json\/wp\/v2\/users\/2"}],"replies":[{"embeddable":true,"href":"https:\/\/famatv.com.br\/index.php\/wp-json\/wp\/v2\/comments?post=3949"}],"version-history":[{"count":1,"href":"https:\/\/famatv.com.br\/index.php\/wp-json\/wp\/v2\/posts\/3949\/revisions"}],"predecessor-version":[{"id":3950,"href":"https:\/\/famatv.com.br\/index.php\/wp-json\/wp\/v2\/posts\/3949\/revisions\/3950"}],"wp:featuredmedia":[{"embeddable":true,"href":"https:\/\/famatv.com.br\/index.php\/wp-json\/wp\/v2\/media\/3948"}],"wp:attachment":[{"href":"https:\/\/famatv.com.br\/index.php\/wp-json\/wp\/v2\/media?parent=3949"}],"wp:term":[{"taxonomy":"category","embeddable":true,"href":"https:\/\/famatv.com.br\/index.php\/wp-json\/wp\/v2\/categories?post=3949"},{"taxonomy":"post_tag","embeddable":true,"href":"https:\/\/famatv.com.br\/index.php\/wp-json\/wp\/v2\/tags?post=3949"}],"curies":[{"name":"wp","href":"https:\/\/api.w.org\/{rel}","templated":true}]}}