{"id":4291,"date":"2026-07-10T16:37:38","date_gmt":"2026-07-10T16:37:38","guid":{"rendered":"https:\/\/famatv.com.br\/?p=4291"},"modified":"2026-07-10T16:37:38","modified_gmt":"2026-07-10T16:37:38","slug":"mae-de-joao-guilherme-confirma-separacao-e-destaca-respeito-apos-17-anos-de-uniao","status":"publish","type":"post","link":"https:\/\/famatv.com.br\/index.php\/2026\/07\/10\/mae-de-joao-guilherme-confirma-separacao-e-destaca-respeito-apos-17-anos-de-uniao\/","title":{"rendered":"M\u00e3e de Jo\u00e3o Guilherme confirma separa\u00e7\u00e3o e destaca respeito ap\u00f3s 17 anos de uni\u00e3o"},"content":{"rendered":"<p>Naira \u00c1vila, m\u00e3e do ator Jo\u00e3o Guilherme, anunciou o fim de seu casamento com Danilo Tuffi ap\u00f3s 17 anos de relacionamento. A empres\u00e1ria compartilhou a not\u00edcia nas redes sociais por meio de uma mensagem em que ressaltou o carinho e a gratid\u00e3o pela hist\u00f3ria constru\u00edda ao lado do ex-companheiro.<\/p>\n<p>Ao comunicar a decis\u00e3o, Naira explicou que o encerramento da uni\u00e3o aconteceu de forma consensual e sem conflitos p\u00fablicos. Segundo ela, os dois compreenderam que era hora de iniciar uma nova etapa, preservando o respeito e a amizade desenvolvidos ao longo dos anos de conviv\u00eancia.<\/p>\n<p>A publica\u00e7\u00e3o rapidamente recebeu manifesta\u00e7\u00f5es de apoio de seguidores e amigos da fam\u00edlia. Entre os coment\u00e1rios, um dos que mais chamou aten\u00e7\u00e3o foi o de Jo\u00e3o Guilherme, que fez quest\u00e3o de deixar uma mensagem de carinho direcionada tanto \u00e0 m\u00e3e quanto a Danilo, demonstrando apoio ao momento vivido pelos dois.<\/p>\n<p>Na mensagem, Naira evitou entrar em detalhes sobre os motivos da separa\u00e7\u00e3o e preferiu valorizar a trajet\u00f3ria compartilhada durante quase duas d\u00e9cadas. Ela destacou que o relacionamento foi importante para sua hist\u00f3ria e afirmou que seguir\u00e1 levando consigo as boas lembran\u00e7as desse per\u00edodo.<\/p>\n<p>O posicionamento foi elogiado por internautas, que destacaram a maturidade do ex-casal ao tratar o t\u00e9rmino de maneira respeitosa. Muitos coment\u00e1rios ressaltaram que a forma como ambos conduziram o an\u00fancio demonstra que o fim de um casamento n\u00e3o precisa ser marcado por desentendimentos ou exposi\u00e7\u00e3o.<\/p>\n<p>A repercuss\u00e3o tamb\u00e9m evidenciou a rela\u00e7\u00e3o pr\u00f3xima entre Jo\u00e3o Guilherme e a m\u00e3e. Os seguidores elogiaram a demonstra\u00e7\u00e3o p\u00fablica de apoio do ator, que refor\u00e7ou o carinho pela fam\u00edlia em um momento de mudan\u00e7as na vida pessoal.<\/p>\n<p>Com o an\u00fancio, Naira \u00c1vila inicia uma nova fase, mantendo o discurso de gratid\u00e3o pela hist\u00f3ria vivida ao lado de Danilo Tuffi. A empres\u00e1ria afirmou que encerra esse cap\u00edtulo com serenidade e respeito, desejando que ambos possam seguir seus caminhos preservando a amizade constru\u00edda ao longo dos anos.<\/p>\n<p><\/p>\n","protected":false},"excerpt":{"rendered":"<p>Naira \u00c1vila, m\u00e3e do ator Jo\u00e3o Guilherme, anunciou o fim de seu casamento com Danilo Tuffi ap\u00f3s 17 anos de relacionamento. A empres\u00e1ria compartilhou a not\u00edcia nas redes sociais por meio de uma mensagem em que ressaltou o carinho e a gratid\u00e3o pela hist\u00f3ria constru\u00edda ao lado do ex-companheiro. Ao comunicar a decis\u00e3o, Naira explicou [\u2026]<\/p>\n","protected":false},"author":2,"featured_media":4290,"comment_status":"closed","ping_status":"open","sticky":false,"template":"","format":"standard","meta":{"footnotes":""},"categories":[32],"tags":[],"class_list":["post-4291","post","type-post","status-publish","format-standard","has-post-thumbnail","hentry","category-famosos"],"featured_image_urls":{"full":["https:\/\/famatv.com.br\/wp-content\/uploads\/2026\/07\/Naira-Avila-o-filho-e-o-ex-marido.jpg",1200,900,false],"thumbnail":["https:\/\/famatv.com.br\/wp-content\/uploads\/2026\/07\/Naira-Avila-o-filho-e-o-ex-marido-150x150.jpg",150,150,true],"medium":["https:\/\/famatv.com.br\/wp-content\/uploads\/2026\/07\/Naira-Avila-o-filho-e-o-ex-marido-300x225.jpg",300,225,true],"medium_large":["https:\/\/famatv.com.br\/wp-content\/uploads\/2026\/07\/Naira-Avila-o-filho-e-o-ex-marido-768x576.jpg",640,480,true],"large":["https:\/\/famatv.com.br\/wp-content\/uploads\/2026\/07\/Naira-Avila-o-filho-e-o-ex-marido-1024x768.jpg",640,480,true],"1536x1536":["https:\/\/famatv.com.br\/wp-content\/uploads\/2026\/07\/Naira-Avila-o-filho-e-o-ex-marido.jpg",1200,900,false],"2048x2048":["https:\/\/famatv.com.br\/wp-content\/uploads\/2026\/07\/Naira-Avila-o-filho-e-o-ex-marido.jpg",1200,900,false]},"author_info":{"info":["assessoriadefamosos"]},"category_info":"<a href=\"https:\/\/famatv.com.br\/index.php\/category\/famosos\/\" rel=\"category tag\">Famosos<\/a>","tag_info":"Famosos","comment_count":"0","_links":{"self":[{"href":"https:\/\/famatv.com.br\/index.php\/wp-json\/wp\/v2\/posts\/4291","targetHints":{"allow":["GET"]}}],"collection":[{"href":"https:\/\/famatv.com.br\/index.php\/wp-json\/wp\/v2\/posts"}],"about":[{"href":"https:\/\/famatv.com.br\/index.php\/wp-json\/wp\/v2\/types\/post"}],"author":[{"embeddable":true,"href":"https:\/\/famatv.com.br\/index.php\/wp-json\/wp\/v2\/users\/2"}],"replies":[{"embeddable":true,"href":"https:\/\/famatv.com.br\/index.php\/wp-json\/wp\/v2\/comments?post=4291"}],"version-history":[{"count":1,"href":"https:\/\/famatv.com.br\/index.php\/wp-json\/wp\/v2\/posts\/4291\/revisions"}],"predecessor-version":[{"id":4292,"href":"https:\/\/famatv.com.br\/index.php\/wp-json\/wp\/v2\/posts\/4291\/revisions\/4292"}],"wp:featuredmedia":[{"embeddable":true,"href":"https:\/\/famatv.com.br\/index.php\/wp-json\/wp\/v2\/media\/4290"}],"wp:attachment":[{"href":"https:\/\/famatv.com.br\/index.php\/wp-json\/wp\/v2\/media?parent=4291"}],"wp:term":[{"taxonomy":"category","embeddable":true,"href":"https:\/\/famatv.com.br\/index.php\/wp-json\/wp\/v2\/categories?post=4291"},{"taxonomy":"post_tag","embeddable":true,"href":"https:\/\/famatv.com.br\/index.php\/wp-json\/wp\/v2\/tags?post=4291"}],"curies":[{"name":"wp","href":"https:\/\/api.w.org\/{rel}","templated":true}]}}