{"id":4297,"date":"2026-07-11T17:07:04","date_gmt":"2026-07-11T17:07:04","guid":{"rendered":"https:\/\/famatv.com.br\/?p=4297"},"modified":"2026-07-11T17:07:04","modified_gmt":"2026-07-11T17:07:04","slug":"curtida-de-luisa-sonza-em-postagem-sobre-whindersson-nunes-movimenta-as-redes-sociais","status":"publish","type":"post","link":"https:\/\/famatv.com.br\/index.php\/2026\/07\/11\/curtida-de-luisa-sonza-em-postagem-sobre-whindersson-nunes-movimenta-as-redes-sociais\/","title":{"rendered":"Curtida de Lu\u00edsa Sonza em postagem sobre Whindersson Nunes movimenta as redes sociais"},"content":{"rendered":"<p>Lu\u00edsa Sonza voltou a ser assunto entre os internautas ap\u00f3s uma intera\u00e7\u00e3o em seu perfil nas redes sociais. A cantora chamou aten\u00e7\u00e3o ao curtir uma publica\u00e7\u00e3o que criticava uma recente piada feita por Whindersson Nunes, reacendendo os coment\u00e1rios sobre a rela\u00e7\u00e3o entre os dois anos depois do fim do casamento.<\/p>\n<p>A repercuss\u00e3o teve in\u00edcio ap\u00f3s o humorista mencionar a m\u00fasica <strong>&#8220;Penhasco&#8221;<\/strong>, um dos maiores sucessos da artista e uma can\u00e7\u00e3o frequentemente relacionada ao per\u00edodo que sucedeu a separa\u00e7\u00e3o do casal. A brincadeira dividiu opini\u00f5es e gerou uma s\u00e9rie de debates entre f\u00e3s e usu\u00e1rios das plataformas digitais.<\/p>\n<p>Diante da repercuss\u00e3o, Whindersson explicou que a refer\u00eancia surgiu a partir de um comercial protagonizado por Lu\u00edsa e negou qualquer inten\u00e7\u00e3o de provocar a ex-esposa. Apesar do esclarecimento, muitos internautas continuaram criticando o tom da piada e defenderam que o assunto deveria ser tratado com mais sensibilidade.<\/p>\n<p>A situa\u00e7\u00e3o ganhou um novo cap\u00edtulo quando seguidores perceberam que Lu\u00edsa havia deixado uma curtida em uma postagem que reprovava a atitude do humorista. O gesto rapidamente foi compartilhado por p\u00e1ginas de entretenimento e passou a alimentar novas discuss\u00f5es nas redes sociais.<\/p>\n<p>Sem fazer declara\u00e7\u00f5es p\u00fablicas sobre o epis\u00f3dio, a cantora limitou-se \u00e0 intera\u00e7\u00e3o na publica\u00e7\u00e3o, o que levou parte dos f\u00e3s a interpretar a curtida como uma manifesta\u00e7\u00e3o indireta sobre o caso. Outros, no entanto, ponderaram que uma simples intera\u00e7\u00e3o nem sempre representa um posicionamento definitivo.<\/p>\n<p>Mesmo anos ap\u00f3s o t\u00e9rmino do relacionamento, Lu\u00edsa Sonza e Whindersson Nunes continuam despertando grande interesse do p\u00fablico. Qualquer movimenta\u00e7\u00e3o envolvendo os dois costuma repercutir rapidamente, especialmente quando faz refer\u00eancia ao per\u00edodo em que estiveram casados.<\/p>\n<p>Enquanto o assunto segue dividindo opini\u00f5es entre os internautas, nenhum dos artistas voltou a comentar a situa\u00e7\u00e3o. A discuss\u00e3o, por\u00e9m, refor\u00e7ou o alcance que pequenas intera\u00e7\u00f5es nas redes sociais podem ganhar quando envolvem figuras p\u00fablicas acompanhadas por milh\u00f5es de seguidores.<\/p>\n<p><\/p>\n","protected":false},"excerpt":{"rendered":"<p>Lu\u00edsa Sonza voltou a ser assunto entre os internautas ap\u00f3s uma intera\u00e7\u00e3o em seu perfil nas redes sociais. A cantora chamou aten\u00e7\u00e3o ao curtir uma publica\u00e7\u00e3o que criticava uma recente piada feita por Whindersson Nunes, reacendendo os coment\u00e1rios sobre a rela\u00e7\u00e3o entre os dois anos depois do fim do casamento. A repercuss\u00e3o teve in\u00edcio ap\u00f3s [\u2026]<\/p>\n","protected":false},"author":2,"featured_media":4296,"comment_status":"closed","ping_status":"open","sticky":false,"template":"","format":"standard","meta":{"footnotes":""},"categories":[32],"tags":[],"class_list":["post-4297","post","type-post","status-publish","format-standard","has-post-thumbnail","hentry","category-famosos"],"featured_image_urls":{"full":["https:\/\/famatv.com.br\/wp-content\/uploads\/2026\/07\/Luisa-Sonza-e-Whindersson-Nunes.jpg",1200,900,false],"thumbnail":["https:\/\/famatv.com.br\/wp-content\/uploads\/2026\/07\/Luisa-Sonza-e-Whindersson-Nunes-150x150.jpg",150,150,true],"medium":["https:\/\/famatv.com.br\/wp-content\/uploads\/2026\/07\/Luisa-Sonza-e-Whindersson-Nunes-300x225.jpg",300,225,true],"medium_large":["https:\/\/famatv.com.br\/wp-content\/uploads\/2026\/07\/Luisa-Sonza-e-Whindersson-Nunes-768x576.jpg",640,480,true],"large":["https:\/\/famatv.com.br\/wp-content\/uploads\/2026\/07\/Luisa-Sonza-e-Whindersson-Nunes-1024x768.jpg",640,480,true],"1536x1536":["https:\/\/famatv.com.br\/wp-content\/uploads\/2026\/07\/Luisa-Sonza-e-Whindersson-Nunes.jpg",1200,900,false],"2048x2048":["https:\/\/famatv.com.br\/wp-content\/uploads\/2026\/07\/Luisa-Sonza-e-Whindersson-Nunes.jpg",1200,900,false]},"author_info":{"info":["assessoriadefamosos"]},"category_info":"<a href=\"https:\/\/famatv.com.br\/index.php\/category\/famosos\/\" rel=\"category tag\">Famosos<\/a>","tag_info":"Famosos","comment_count":"0","_links":{"self":[{"href":"https:\/\/famatv.com.br\/index.php\/wp-json\/wp\/v2\/posts\/4297","targetHints":{"allow":["GET"]}}],"collection":[{"href":"https:\/\/famatv.com.br\/index.php\/wp-json\/wp\/v2\/posts"}],"about":[{"href":"https:\/\/famatv.com.br\/index.php\/wp-json\/wp\/v2\/types\/post"}],"author":[{"embeddable":true,"href":"https:\/\/famatv.com.br\/index.php\/wp-json\/wp\/v2\/users\/2"}],"replies":[{"embeddable":true,"href":"https:\/\/famatv.com.br\/index.php\/wp-json\/wp\/v2\/comments?post=4297"}],"version-history":[{"count":1,"href":"https:\/\/famatv.com.br\/index.php\/wp-json\/wp\/v2\/posts\/4297\/revisions"}],"predecessor-version":[{"id":4298,"href":"https:\/\/famatv.com.br\/index.php\/wp-json\/wp\/v2\/posts\/4297\/revisions\/4298"}],"wp:featuredmedia":[{"embeddable":true,"href":"https:\/\/famatv.com.br\/index.php\/wp-json\/wp\/v2\/media\/4296"}],"wp:attachment":[{"href":"https:\/\/famatv.com.br\/index.php\/wp-json\/wp\/v2\/media?parent=4297"}],"wp:term":[{"taxonomy":"category","embeddable":true,"href":"https:\/\/famatv.com.br\/index.php\/wp-json\/wp\/v2\/categories?post=4297"},{"taxonomy":"post_tag","embeddable":true,"href":"https:\/\/famatv.com.br\/index.php\/wp-json\/wp\/v2\/tags?post=4297"}],"curies":[{"name":"wp","href":"https:\/\/api.w.org\/{rel}","templated":true}]}}