{"id":5151,"date":"2026-09-02T14:00:47","date_gmt":"2026-09-02T14:00:47","guid":{"rendered":"https:\/\/famatv.com.br\/?p=5151"},"modified":"2026-09-02T14:00:47","modified_gmt":"2026-09-02T14:00:47","slug":"conheca-dan-ferrera","status":"publish","type":"post","link":"https:\/\/famatv.com.br\/index.php\/2026\/09\/02\/conheca-dan-ferrera\/","title":{"rendered":"CONHE\u00c7A DAN FERRERA"},"content":{"rendered":"<p>Dan Ferrera chega ao Estrelas da Casa, da TV Globo, carregando uma hist\u00f3ria que come\u00e7ou muito antes dos holofotes. Aos 23 anos, o cantor e compositor alagoano j\u00e1 tem mais de 100 artistas com suas m\u00fasicas gravadas, oito anos de carreira profissional e uma trajet\u00f3ria constru\u00edda entre palcos, est\u00fadios e quil\u00f4metros de estrada. Agora, diante de uma audi\u00eancia nacional, vive o momento que pode transformar definitivamente o reconhecimento de seu trabalho nos bastidores em protagonismo como int\u00e9rprete.<br \/>\nNascido Wesley Daniel Ferreira dos Santos, em 20 de setembro de 2002, em Mar Vermelho, Alagoas, Dan cresceu no s\u00edtio, neto de agricultores e em uma fam\u00edlia sem qualquer tradi\u00e7\u00e3o na m\u00fasica. Sua inf\u00e2ncia foi marcada pela simplicidade do interior, pelos cavalos, pelos banhos de rio e por uma rotina em que at\u00e9 as coisas mais b\u00e1sicas exigiam esfor\u00e7o. Na casa onde cresceu n\u00e3o havia energia el\u00e9trica. Para tomar banho, carregava baldes de \u00e1gua na cabe\u00e7a. Foi nesse cen\u00e1rio que um r\u00e1dio de pilha se tornou sua primeira janela para o mundo da m\u00fasica.<br \/>\nDan come\u00e7ou a cantar praticamente desde que aprendeu a falar. Aos 10 anos, come\u00e7ou a tocar viol\u00e3o e, aos 11, escreveu suas primeiras composi\u00e7\u00f5es. Antes dos palcos, vieram os aboios e as apresenta\u00e7\u00f5es improvisadas, muitas vezes em troca de um lanche. A m\u00fasica j\u00e1 fazia parte de sua vida, mas ainda n\u00e3o parecia uma profiss\u00e3o poss\u00edvel.<br \/>\nAt\u00e9 que ele decidiu transformar o sonho em caminho. Antes de viver da arte, Dan trabalhou como palha\u00e7o, em lanchonete, colando placas de propaganda em muros e descarregando carretas. Tamb\u00e9m chegou a ser aprovado para cursar F\u00edsica. Mas, em 2018, em Macei\u00f3, aos 15 anos, escolheu a m\u00fasica e come\u00e7ou profissionalmente como vocalista de uma banda de pagode.<br \/>\nO g\u00eanero que marcou sua estreia tamb\u00e9m se tornaria sua identidade. Influenciado por Djavan, Belo, Exaltasamba, Revela\u00e7\u00e3o, Sorriso Maroto, Ferrugem e Tiee, Dan cresceu dentro do pagode e, j\u00e1 adulto, passou a percorrer diferentes regi\u00f5es do Brasil, participando de rodas de samba, conhecendo artistas e compositores e ampliando sua atua\u00e7\u00e3o. A estrada fez com que experimentasse diferentes possibilidades, mas tamb\u00e9m confirmou onde estava sua verdade: no pagode.<br \/>\nFoi nesse processo que Wesley Daniel se tornou Dan Ferrera. Antes, chegou a tentar \u201cFerreirinha\u201d como nome art\u00edstico. Depois, abreviou Daniel para Dan e encontrou no pr\u00f3prio sobrenome a assinatura que definiria sua carreira.<br \/>\nA estrada se tornou parte de sua identidade. Macei\u00f3, Recife, Fortaleza, S\u00e3o Lu\u00eds, Salvador, Goi\u00e2nia, Bras\u00edlia, Porto Alegre, Florian\u00f3polis, Belo Horizonte, Rio de Janeiro e S\u00e3o Paulo est\u00e3o entre as cidades que atravessaram sua trajet\u00f3ria. \u201cMoro na estrada\u201d, resume o artista. E foi justamente viajando que Dan encontrou algumas das oportunidades que mudariam sua carreira.<br \/>\nAntes que sua voz ganhasse proje\u00e7\u00e3o, suas composi\u00e7\u00f5es come\u00e7aram a chegar aos grandes artistas. Mais de 100 nomes da m\u00fasica brasileira j\u00e1 gravaram m\u00fasicas de sua autoria, entre eles Thiaguinho, Ludmilla, P\u00e9ricles, Gloria Groove, Alok, Michel Tel\u00f3, Ferrugem, Dilsinho e Menos \u00e9 Mais. Entre suas composi\u00e7\u00f5es de destaque est\u00e1 \u201cEm Busca da Minha Sorte\u201d, gravada por Thiaguinho e Billy SP.<br \/>\nEm paralelo \u00e0 carreira como compositor, Dan come\u00e7ou a construir sua pr\u00f3pria discografia. Em 2020, gravou em Goi\u00e2nia o audiovisual \u201cDo Meu Jeito\u201d, projeto inteiramente formado por composi\u00e7\u00f5es pr\u00f3prias e que reuniu diferentes refer\u00eancias musicais. A experi\u00eancia ampliou sua vis\u00e3o art\u00edstica e fortaleceu a vontade de construir uma trajet\u00f3ria cada vez mais autoral.<br \/>\nDepois de anos compondo para outros artistas e experimentando diferentes possibilidades dentro da m\u00fasica, Dan voltou ao pagode com a convic\u00e7\u00e3o de quem n\u00e3o estava simplesmente retornando \u00e0s origens, mas encontrando seu lugar.<br \/>\nAo lado do produtor musical Dudu Borges, come\u00e7ou a construir uma nova fase. Durante aproximadamente um ano, passou a compor e selecionar m\u00fasicas pensando especialmente em sua pr\u00f3pria voz. Depois de ajudar a contar hist\u00f3rias atrav\u00e9s de outros int\u00e9rpretes, preparava o repert\u00f3rio para finalmente assumir o papel de protagonista. Como cantor, tamb\u00e9m soma a parceria \u201cShot de 43\u201d, com Diggo. Hoje, al\u00e9m do viol\u00e3o, instrumento que toca desde os 10 anos, est\u00e1 aprendendo cavaquinho.<br \/>\n\u00c9 nesse ponto que o Estrelas da Casa surge como um divisor de \u00e1guas. A participa\u00e7\u00e3o no reality musical da TV Globo coloca Dan diante de uma dimens\u00e3o de p\u00fablico in\u00e9dita em sua trajet\u00f3ria e representa a oportunidade de apresentar n\u00e3o apenas o cantor, mas o caminho que existe por tr\u00e1s dele. O artista que passou anos nos cr\u00e9ditos das m\u00fasicas agora ganha espa\u00e7o para colocar o pr\u00f3prio nome no centro delas.<br \/>\nDan chega a esse momento com uma bagagem incomum para algu\u00e9m de sua idade. S\u00e3o oito anos de carreira profissional, mais de uma centena de artistas gravando suas composi\u00e7\u00f5es, projetos pr\u00f3prios, parcerias e uma trajet\u00f3ria constru\u00edda sem parentes famosos ou qualquer heran\u00e7a art\u00edstica que facilitasse seu caminho.<br \/>\nTudo come\u00e7ou em Mar Vermelho. E, apesar de viver hoje entre aeroportos, est\u00fadios e palcos, Dan mant\u00e9m uma liga\u00e7\u00e3o forte com suas ra\u00edzes. Gosta de praia, jogar altinha, montar a cavalo, tomar banho de rio e ler. J\u00e1 praticou jud\u00f4 e atualmente faz aulas de kitesurf. Torcedor do CRB, leva Alagoas como parte insepar\u00e1vel de sua identidade.<br \/>\nO reconhecimento ainda tem para ele o impacto de algo novo. \u201cAinda \u00e9 muito novo pra mim ser reconhecido. D\u00e1 a sensa\u00e7\u00e3o de estar sonhando acordado. A melhor coisa do mundo \u00e9 receber essa energia e o carinho de quem curte meu trabalho\u201d, afirma.<br \/>\nSeu maior sonho \u00e9 ganhar um Grammy. A ambi\u00e7\u00e3o n\u00e3o parece incompat\u00edvel com a trajet\u00f3ria. Afinal, Dan Ferrera aprendeu desde cedo a n\u00e3o medir seus sonhos pelo tamanho do lugar de onde veio. O menino que cresceu sem energia el\u00e9trica, descobriu a m\u00fasica em um r\u00e1dio de pilha, come\u00e7ou a tocar viol\u00e3o aos 10 anos e a compor aos 11 transformou a pr\u00f3pria hist\u00f3ria em uma carreira que j\u00e1 ultrapassa os limites de seu estado e alcan\u00e7a alguns dos maiores nomes da m\u00fasica brasileira.<br \/>\nDurante anos, as m\u00fasicas de Dan chegaram aos grandes palcos antes dele. Agora, a hist\u00f3ria muda de dire\u00e7\u00e3o. O Estrelas da Casa marca o momento em que o compositor deixa definitivamente os bastidores para assumir o centro da pr\u00f3pria narrativa. N\u00e3o \u00e9 o come\u00e7o de sua carreira, mas o cap\u00edtulo que pode apresentar ao grande p\u00fablico tudo o que ele construiu at\u00e9 aqui.<br \/>\nDo r\u00e1dio de pilha ao Brasil. Do s\u00edtio de Mar Vermelho aos grandes est\u00fadios. Das m\u00fasicas escritas para outras vozes \u00e0 pr\u00f3pria voz.<br \/>\nDepois de passar anos escrevendo hist\u00f3rias para outros artistas, Dan Ferrera agora come\u00e7a a cantar a sua.<\/p>\n<figure class=\"wp-block-image\"><img decoding=\"async\" src=\"https:\/\/mwoficial.com.br\/wp-content\/uploads\/2026\/09\/dan-dan.png\" alt=\"\" class=\"wp-image-5448\" \/><\/figure>\n<p><\/p>\n","protected":false},"excerpt":{"rendered":"<p>Dan Ferrera chega ao Estrelas da Casa, da TV Globo, carregando uma hist\u00f3ria que come\u00e7ou muito antes dos holofotes. Aos 23 anos, o cantor e compositor alagoano j\u00e1 tem mais de 100 artistas com suas m\u00fasicas gravadas, oito anos de carreira profissional e uma trajet\u00f3ria constru\u00edda entre palcos, est\u00fadios e quil\u00f4metros de estrada. Agora, diante [\u2026]<\/p>\n","protected":false},"author":2,"featured_media":5150,"comment_status":"closed","ping_status":"open","sticky":false,"template":"","format":"standard","meta":{"footnotes":""},"categories":[92],"tags":[],"class_list":["post-5151","post","type-post","status-publish","format-standard","has-post-thumbnail","hentry","category-diversos"],"featured_image_urls":{"full":["https:\/\/famatv.com.br\/wp-content\/uploads\/2026\/09\/dan-dan.png",410,195,false],"thumbnail":["https:\/\/famatv.com.br\/wp-content\/uploads\/2026\/09\/dan-dan-150x150.png",150,150,true],"medium":["https:\/\/famatv.com.br\/wp-content\/uploads\/2026\/09\/dan-dan-300x143.png",300,143,true],"medium_large":["https:\/\/famatv.com.br\/wp-content\/uploads\/2026\/09\/dan-dan.png",410,195,false],"large":["https:\/\/famatv.com.br\/wp-content\/uploads\/2026\/09\/dan-dan.png",410,195,false],"1536x1536":["https:\/\/famatv.com.br\/wp-content\/uploads\/2026\/09\/dan-dan.png",410,195,false],"2048x2048":["https:\/\/famatv.com.br\/wp-content\/uploads\/2026\/09\/dan-dan.png",410,195,false]},"author_info":{"info":["assessoriadefamosos"]},"category_info":"<a href=\"https:\/\/famatv.com.br\/index.php\/category\/diversos\/\" rel=\"category tag\">Diversos<\/a>","tag_info":"Diversos","comment_count":"0","_links":{"self":[{"href":"https:\/\/famatv.com.br\/index.php\/wp-json\/wp\/v2\/posts\/5151","targetHints":{"allow":["GET"]}}],"collection":[{"href":"https:\/\/famatv.com.br\/index.php\/wp-json\/wp\/v2\/posts"}],"about":[{"href":"https:\/\/famatv.com.br\/index.php\/wp-json\/wp\/v2\/types\/post"}],"author":[{"embeddable":true,"href":"https:\/\/famatv.com.br\/index.php\/wp-json\/wp\/v2\/users\/2"}],"replies":[{"embeddable":true,"href":"https:\/\/famatv.com.br\/index.php\/wp-json\/wp\/v2\/comments?post=5151"}],"version-history":[{"count":1,"href":"https:\/\/famatv.com.br\/index.php\/wp-json\/wp\/v2\/posts\/5151\/revisions"}],"predecessor-version":[{"id":5152,"href":"https:\/\/famatv.com.br\/index.php\/wp-json\/wp\/v2\/posts\/5151\/revisions\/5152"}],"wp:featuredmedia":[{"embeddable":true,"href":"https:\/\/famatv.com.br\/index.php\/wp-json\/wp\/v2\/media\/5150"}],"wp:attachment":[{"href":"https:\/\/famatv.com.br\/index.php\/wp-json\/wp\/v2\/media?parent=5151"}],"wp:term":[{"taxonomy":"category","embeddable":true,"href":"https:\/\/famatv.com.br\/index.php\/wp-json\/wp\/v2\/categories?post=5151"},{"taxonomy":"post_tag","embeddable":true,"href":"https:\/\/famatv.com.br\/index.php\/wp-json\/wp\/v2\/tags?post=5151"}],"curies":[{"name":"wp","href":"https:\/\/api.w.org\/{rel}","templated":true}]}}