{"id":5154,"date":"2026-09-02T14:09:25","date_gmt":"2026-09-02T14:09:25","guid":{"rendered":"https:\/\/famatv.com.br\/?p=5154"},"modified":"2026-09-02T14:09:25","modified_gmt":"2026-09-02T14:09:25","slug":"pablo-e-simone-mendes-protagonizam-encontro-de-gigantes-em-suor-pingado","status":"publish","type":"post","link":"https:\/\/famatv.com.br\/index.php\/2026\/09\/02\/pablo-e-simone-mendes-protagonizam-encontro-de-gigantes-em-suor-pingado\/","title":{"rendered":"Pablo e Simone Mendes protagonizam encontro de gigantes em \u201cSuor Pingado\u201d"},"content":{"rendered":"<p><em>Novo single chega \u00e0s plataformas digitais no dia 3 de setembro e ganha videoclipe gravado em S\u00e3o Paulo<\/em><\/p>\n<p>Pablo e Simone Mendes se encontram em \u201cSuor Pingado\u201d, novo single que re\u00fane duas das vozes mais marcantes da m\u00fasica popular brasileira. A faixa chega \u00e0s plataformas digitais no dia 3 de setembro, enquanto o videoclipe oficial, gravado em S\u00e3o Paulo, estreia no YouTube na sexta-feira (4\/9), ao meio-dia.<br \/>\nA m\u00fasica mergulha na sofr\u00eancia e aborda a tentativa de superar um antigo amor. Na letra, o personagem tenta seguir em frente ap\u00f3s o fim do relacionamento, mas se depara com a aus\u00eancia e com a compara\u00e7\u00e3o inevit\u00e1vel com o que viveu no passado. O refr\u00e3o traz a provoca\u00e7\u00e3o central da can\u00e7\u00e3o ao questionar se, depois de novos encontros, ainda existe a mesma intensidade: \u201cCad\u00ea o suor pingado? \/ Cad\u00ea o len\u00e7ol molhado? \/ Cad\u00ea o tes\u00e3o? Faltou\u201d.<br \/>\nPablo, conhecido como o Rei da Sofr\u00eancia, imprime \u00e0 faixa sua interpreta\u00e7\u00e3o rom\u00e2ntica e visceral. Simone Mendes chega para potencializar a narrativa com sua voz potente. Em um dos momentos da m\u00fasica, Pablo ainda convoca Simone para ajud\u00e1-lo a contar essa hist\u00f3ria, refor\u00e7ando a din\u00e2mica entre os dois int\u00e9rpretes.<br \/>\nO encontro tamb\u00e9m ganha for\u00e7a no videoclipe, gravado em S\u00e3o Paulo, que traduz visualmente a intensidade da can\u00e7\u00e3o e marca a parceria in\u00e9dita entre os artistas.<br \/>\n\u201cSuor Pingado\u201d une dois grandes nomes da m\u00fasica brasileira em uma faixa que aposta em uma tem\u00e1tica conhecida do p\u00fablico: aquele amor que termina, mas que faz falta.<\/p>\n<figure class=\"wp-block-image\"><img decoding=\"async\" src=\"https:\/\/mwoficial.com.br\/wp-content\/uploads\/2026\/09\/Still-2026-07-16-200106_1.2.1-scaled.png\" alt=\"\" class=\"wp-image-5454\" \/><\/figure>\n<p><\/p>\n","protected":false},"excerpt":{"rendered":"<p>Novo single chega \u00e0s plataformas digitais no dia 3 de setembro e ganha videoclipe gravado em S\u00e3o Paulo Pablo e Simone Mendes se encontram em \u201cSuor Pingado\u201d, novo single que re\u00fane duas das vozes mais marcantes da m\u00fasica popular brasileira. A faixa chega \u00e0s plataformas digitais no dia 3 de setembro, enquanto o videoclipe oficial, [\u2026]<\/p>\n","protected":false},"author":2,"featured_media":5153,"comment_status":"closed","ping_status":"open","sticky":false,"template":"","format":"standard","meta":{"footnotes":""},"categories":[92],"tags":[],"class_list":["post-5154","post","type-post","status-publish","format-standard","has-post-thumbnail","hentry","category-diversos"],"featured_image_urls":{"full":["https:\/\/famatv.com.br\/wp-content\/uploads\/2026\/09\/Still-2026-07-16-200106_1.2.1-scaled-1.png",2560,1073,false],"thumbnail":["https:\/\/famatv.com.br\/wp-content\/uploads\/2026\/09\/Still-2026-07-16-200106_1.2.1-scaled-1-150x150.png",150,150,true],"medium":["https:\/\/famatv.com.br\/wp-content\/uploads\/2026\/09\/Still-2026-07-16-200106_1.2.1-scaled-1-300x126.png",300,126,true],"medium_large":["https:\/\/famatv.com.br\/wp-content\/uploads\/2026\/09\/Still-2026-07-16-200106_1.2.1-scaled-1-768x322.png",640,268,true],"large":["https:\/\/famatv.com.br\/wp-content\/uploads\/2026\/09\/Still-2026-07-16-200106_1.2.1-scaled-1-1024x429.png",640,268,true],"1536x1536":["https:\/\/famatv.com.br\/wp-content\/uploads\/2026\/09\/Still-2026-07-16-200106_1.2.1-scaled-1-1536x644.png",1536,644,true],"2048x2048":["https:\/\/famatv.com.br\/wp-content\/uploads\/2026\/09\/Still-2026-07-16-200106_1.2.1-scaled-1-2048x858.png",2048,858,true]},"author_info":{"info":["assessoriadefamosos"]},"category_info":"<a href=\"https:\/\/famatv.com.br\/index.php\/category\/diversos\/\" rel=\"category tag\">Diversos<\/a>","tag_info":"Diversos","comment_count":"0","_links":{"self":[{"href":"https:\/\/famatv.com.br\/index.php\/wp-json\/wp\/v2\/posts\/5154","targetHints":{"allow":["GET"]}}],"collection":[{"href":"https:\/\/famatv.com.br\/index.php\/wp-json\/wp\/v2\/posts"}],"about":[{"href":"https:\/\/famatv.com.br\/index.php\/wp-json\/wp\/v2\/types\/post"}],"author":[{"embeddable":true,"href":"https:\/\/famatv.com.br\/index.php\/wp-json\/wp\/v2\/users\/2"}],"replies":[{"embeddable":true,"href":"https:\/\/famatv.com.br\/index.php\/wp-json\/wp\/v2\/comments?post=5154"}],"version-history":[{"count":1,"href":"https:\/\/famatv.com.br\/index.php\/wp-json\/wp\/v2\/posts\/5154\/revisions"}],"predecessor-version":[{"id":5155,"href":"https:\/\/famatv.com.br\/index.php\/wp-json\/wp\/v2\/posts\/5154\/revisions\/5155"}],"wp:featuredmedia":[{"embeddable":true,"href":"https:\/\/famatv.com.br\/index.php\/wp-json\/wp\/v2\/media\/5153"}],"wp:attachment":[{"href":"https:\/\/famatv.com.br\/index.php\/wp-json\/wp\/v2\/media?parent=5154"}],"wp:term":[{"taxonomy":"category","embeddable":true,"href":"https:\/\/famatv.com.br\/index.php\/wp-json\/wp\/v2\/categories?post=5154"},{"taxonomy":"post_tag","embeddable":true,"href":"https:\/\/famatv.com.br\/index.php\/wp-json\/wp\/v2\/tags?post=5154"}],"curies":[{"name":"wp","href":"https:\/\/api.w.org\/{rel}","templated":true}]}}