{"id":5157,"date":"2026-09-02T15:18:07","date_gmt":"2026-09-02T15:18:07","guid":{"rendered":"https:\/\/famatv.com.br\/?p=5157"},"modified":"2026-09-02T15:18:07","modified_gmt":"2026-09-02T15:18:07","slug":"nicolas-prattes-revive-desafio-em-sydney-e-comemora-um-ano-de-recorde-brasileiro","status":"publish","type":"post","link":"https:\/\/famatv.com.br\/index.php\/2026\/09\/02\/nicolas-prattes-revive-desafio-em-sydney-e-comemora-um-ano-de-recorde-brasileiro\/","title":{"rendered":"Nicolas Prattes revive desafio em Sydney e comemora um ano de recorde brasileiro"},"content":{"rendered":"<p>Um ano depois de viver um dos maiores desafios esportivos de sua vida, Nicolas Prattes voltou a compartilhar com os seguidores lembran\u00e7as da maratona de Sydney, na Austr\u00e1lia. O ator aproveitou a data para publicar imagens e v\u00eddeos da competi\u00e7\u00e3o e recordar o resultado que entrou para sua trajet\u00f3ria no esporte.<\/p>\n<p>A prova aconteceu h\u00e1 exatamente um ano e teve um significado especial para Nicolas. Ele percorreu os 42,195 quil\u00f4metros da maratona em 2h48min12s, marca que lhe garantiu o recorde brasileiro na categoria Major. O desempenho foi resultado de meses de prepara\u00e7\u00e3o e de uma rotina de treinos que precisou ser conciliada com os compromissos profissionais.<\/p>\n<p>Nas imagens resgatadas pelo ator, aparecem diferentes momentos da experi\u00eancia na Austr\u00e1lia, desde a participa\u00e7\u00e3o na corrida at\u00e9 os instantes depois da chegada. A publica\u00e7\u00e3o serviu como uma esp\u00e9cie de retrospectiva de uma conquista que, segundo Nicolas, permanece entre as experi\u00eancias mais importantes que j\u00e1 viveu.<\/p>\n<p>O registro tamb\u00e9m recebeu aten\u00e7\u00e3o especial de Sabrina Sato. A apresentadora fez quest\u00e3o de demonstrar carinho pelo namorado e celebrou a marca alcan\u00e7ada por ele. Outros familiares tamb\u00e9m reagiram \u00e0 publica\u00e7\u00e3o e deixaram mensagens de apoio ao artista.<\/p>\n<p>A rela\u00e7\u00e3o de Nicolas com a corrida j\u00e1 faz parte de sua rotina h\u00e1 algum tempo. O ator encontrou no esporte uma forma de manter a prepara\u00e7\u00e3o f\u00edsica e, ao mesmo tempo, estabelecer metas pessoais fora dos trabalhos que desenvolve na televis\u00e3o e no cinema.<\/p>\n<p>A participa\u00e7\u00e3o em Sydney foi justamente uma dessas metas. Enfrentar uma maratona exige prepara\u00e7\u00e3o f\u00edsica, resist\u00eancia e controle durante todo o percurso, j\u00e1 que os quil\u00f4metros finais costumam representar uma das partes mais dif\u00edceis da competi\u00e7\u00e3o. Mesmo diante do desgaste, Nicolas conseguiu concluir a prova com um tempo expressivo.<\/p>\n<p>Ao relembrar aquele dia, o ator resgatou n\u00e3o apenas os n\u00fameros alcan\u00e7ados, mas tamb\u00e9m a emo\u00e7\u00e3o de participar de uma das principais maratonas internacionais. A publica\u00e7\u00e3o acabou reunindo registros de um momento que marcou sua hist\u00f3ria no esporte e ganhou ainda mais significado com as mensagens deixadas por pessoas pr\u00f3ximas.<\/p>\n<p>Com a lembran\u00e7a compartilhada nas redes sociais, Nicolas mostrou que o resultado conquistado em Sydney continua sendo motivo de orgulho. A marca alcan\u00e7ada h\u00e1 um ano permanece como um dos cap\u00edtulos mais expressivos de sua trajet\u00f3ria como corredor e como uma lembran\u00e7a especial para ele e para quem acompanhou sua prepara\u00e7\u00e3o.<\/p>\n<p><\/p>\n","protected":false},"excerpt":{"rendered":"<p>Um ano depois de viver um dos maiores desafios esportivos de sua vida, Nicolas Prattes voltou a compartilhar com os seguidores lembran\u00e7as da maratona de Sydney, na Austr\u00e1lia. O ator aproveitou a data para publicar imagens e v\u00eddeos da competi\u00e7\u00e3o e recordar o resultado que entrou para sua trajet\u00f3ria no esporte. A prova aconteceu h\u00e1 [\u2026]<\/p>\n","protected":false},"author":2,"featured_media":5156,"comment_status":"closed","ping_status":"open","sticky":false,"template":"","format":"standard","meta":{"footnotes":""},"categories":[32],"tags":[],"class_list":["post-5157","post","type-post","status-publish","format-standard","has-post-thumbnail","hentry","category-famosos"],"featured_image_urls":{"full":["https:\/\/famatv.com.br\/wp-content\/uploads\/2026\/09\/Design-sem-nome-2026-08-31T194410.375-1.png",1200,900,false],"thumbnail":["https:\/\/famatv.com.br\/wp-content\/uploads\/2026\/09\/Design-sem-nome-2026-08-31T194410.375-1-150x150.png",150,150,true],"medium":["https:\/\/famatv.com.br\/wp-content\/uploads\/2026\/09\/Design-sem-nome-2026-08-31T194410.375-1-300x225.png",300,225,true],"medium_large":["https:\/\/famatv.com.br\/wp-content\/uploads\/2026\/09\/Design-sem-nome-2026-08-31T194410.375-1-768x576.png",640,480,true],"large":["https:\/\/famatv.com.br\/wp-content\/uploads\/2026\/09\/Design-sem-nome-2026-08-31T194410.375-1-1024x768.png",640,480,true],"1536x1536":["https:\/\/famatv.com.br\/wp-content\/uploads\/2026\/09\/Design-sem-nome-2026-08-31T194410.375-1.png",1200,900,false],"2048x2048":["https:\/\/famatv.com.br\/wp-content\/uploads\/2026\/09\/Design-sem-nome-2026-08-31T194410.375-1.png",1200,900,false]},"author_info":{"info":["assessoriadefamosos"]},"category_info":"<a href=\"https:\/\/famatv.com.br\/index.php\/category\/famosos\/\" rel=\"category tag\">Famosos<\/a>","tag_info":"Famosos","comment_count":"0","_links":{"self":[{"href":"https:\/\/famatv.com.br\/index.php\/wp-json\/wp\/v2\/posts\/5157","targetHints":{"allow":["GET"]}}],"collection":[{"href":"https:\/\/famatv.com.br\/index.php\/wp-json\/wp\/v2\/posts"}],"about":[{"href":"https:\/\/famatv.com.br\/index.php\/wp-json\/wp\/v2\/types\/post"}],"author":[{"embeddable":true,"href":"https:\/\/famatv.com.br\/index.php\/wp-json\/wp\/v2\/users\/2"}],"replies":[{"embeddable":true,"href":"https:\/\/famatv.com.br\/index.php\/wp-json\/wp\/v2\/comments?post=5157"}],"version-history":[{"count":1,"href":"https:\/\/famatv.com.br\/index.php\/wp-json\/wp\/v2\/posts\/5157\/revisions"}],"predecessor-version":[{"id":5158,"href":"https:\/\/famatv.com.br\/index.php\/wp-json\/wp\/v2\/posts\/5157\/revisions\/5158"}],"wp:featuredmedia":[{"embeddable":true,"href":"https:\/\/famatv.com.br\/index.php\/wp-json\/wp\/v2\/media\/5156"}],"wp:attachment":[{"href":"https:\/\/famatv.com.br\/index.php\/wp-json\/wp\/v2\/media?parent=5157"}],"wp:term":[{"taxonomy":"category","embeddable":true,"href":"https:\/\/famatv.com.br\/index.php\/wp-json\/wp\/v2\/categories?post=5157"},{"taxonomy":"post_tag","embeddable":true,"href":"https:\/\/famatv.com.br\/index.php\/wp-json\/wp\/v2\/tags?post=5157"}],"curies":[{"name":"wp","href":"https:\/\/api.w.org\/{rel}","templated":true}]}}