{"id":5169,"date":"2026-09-02T15:32:01","date_gmt":"2026-09-02T15:32:01","guid":{"rendered":"https:\/\/famatv.com.br\/?p=5169"},"modified":"2026-09-02T15:32:01","modified_gmt":"2026-09-02T15:32:01","slug":"luisa-sonza-explica-postura-no-noivado-com-luis-ribeirinho-e-fala-sobre-relacionamento-a-distancia","status":"publish","type":"post","link":"https:\/\/famatv.com.br\/index.php\/2026\/09\/02\/luisa-sonza-explica-postura-no-noivado-com-luis-ribeirinho-e-fala-sobre-relacionamento-a-distancia\/","title":{"rendered":"Lu\u00edsa Sonza explica postura no noivado com Lu\u00eds Ribeirinho e fala sobre relacionamento \u00e0 dist\u00e2ncia"},"content":{"rendered":"<p>Lu\u00edsa Sonza est\u00e1 vivendo uma nova fase na vida pessoal e, desta vez, prefere manter boa parte dos detalhes longe dos holofotes. Rec\u00e9m-noiva do cirurgi\u00e3o pl\u00e1stico portugu\u00eas Lu\u00eds Ribeirinho, a cantora falou sobre o relacionamento, a rotina \u00e0 dist\u00e2ncia e a maneira mais madura com que passou a enxergar os compromissos afetivos.<\/p>\n<p>O noivado marca um novo momento na trajet\u00f3ria da artista, que tem escolhido preservar a intimidade do casal. Embora n\u00e3o esconda a rela\u00e7\u00e3o, Lu\u00edsa evita compartilhar excessivamente a rotina dos dois e procura separar o que pertence \u00e0 vida p\u00fablica daquilo que prefere manter apenas entre eles.<\/p>\n<p>Essa mudan\u00e7a de comportamento tamb\u00e9m est\u00e1 relacionada \u00e0 experi\u00eancia adquirida ao longo dos anos. A cantora j\u00e1 teve relacionamentos acompanhados de perto pelo p\u00fablico e pela imprensa e, atualmente, demonstra maior preocupa\u00e7\u00e3o em proteger os momentos que considera pessoais.<\/p>\n<p>Ao falar sobre compromisso, Lu\u00edsa deixou clara a import\u00e2ncia que d\u00e1 \u00e0s atitudes. Para ela, declara\u00e7\u00f5es e promessas n\u00e3o s\u00e3o suficientes para garantir que uma rela\u00e7\u00e3o d\u00ea certo. \u201cN\u00e3o me interessa promessa\u201d, afirmou, resumindo uma vis\u00e3o de relacionamento baseada mais em a\u00e7\u00f5es do que em palavras.<\/p>\n<p>A declara\u00e7\u00e3o reflete uma postura diferente diante do amor. Com mais maturidade, a cantora passou a valorizar a presen\u00e7a, a parceria e a capacidade de construir uma rela\u00e7\u00e3o de maneira concreta. O que importa, segundo essa perspectiva, \u00e9 aquilo que o casal consegue sustentar no dia a dia.<\/p>\n<p>Outro ponto que faz parte da rotina dos dois \u00e9 a dist\u00e2ncia. Lu\u00eds Ribeirinho vive em Portugal, enquanto Lu\u00edsa mant\u00e9m compromissos profissionais no Brasil. As agendas de ambos exigem planejamento para que possam passar tempo juntos, especialmente diante da carreira da cantora, que envolve viagens, shows e outros compromissos.<\/p>\n<p>Mesmo com a dist\u00e2ncia geogr\u00e1fica, o relacionamento avan\u00e7ou at\u00e9 o noivado. A decis\u00e3o mostra que os dois encontraram uma maneira de manter a proximidade e fortalecer o v\u00ednculo mesmo quando n\u00e3o conseguem estar fisicamente juntos com frequ\u00eancia.<\/p>\n<p>A escolha de preservar a intimidade tamb\u00e9m aparece na forma como Lu\u00edsa utiliza as redes sociais. A artista compartilha alguns registros do relacionamento, mas evita expor cada etapa da vida a dois. A inten\u00e7\u00e3o \u00e9 permitir que a rela\u00e7\u00e3o tenha espa\u00e7o para existir sem a interfer\u00eancia constante da opini\u00e3o p\u00fablica.<\/p>\n<p>Para quem acompanha a carreira da cantora, essa postura representa uma mudan\u00e7a significativa. Lu\u00edsa est\u00e1 em uma fase profissional de grande exposi\u00e7\u00e3o, mas procura evitar que a vida afetiva siga o mesmo caminho. Dessa forma, o noivado permanece como uma experi\u00eancia pessoal, mesmo despertando naturalmente a curiosidade dos f\u00e3s.<\/p>\n<p>O relacionamento com Lu\u00eds tamb\u00e9m acontece em um momento de amadurecimento da artista. Ao longo da carreira, Lu\u00edsa passou por diferentes experi\u00eancias pessoais e profissionais que contribu\u00edram para transformar a maneira como lida com a pr\u00f3pria vida.<\/p>\n<p>Agora, diante de um compromisso mais s\u00e9rio, ela demonstra prefer\u00eancia por construir o futuro sem alimentar expectativas baseadas apenas em discursos. A confian\u00e7a, o respeito e a presen\u00e7a parecem ocupar um espa\u00e7o maior em sua vis\u00e3o sobre uma rela\u00e7\u00e3o duradoura.<\/p>\n<p>O noivado com Lu\u00eds Ribeirinho, portanto, representa n\u00e3o apenas um novo passo na vida amorosa de Lu\u00edsa Sonza, mas tamb\u00e9m uma fase em que a cantora escolhe viver o relacionamento de maneira mais discreta e consciente.<\/p>\n<p>Entre viagens, compromissos profissionais e a dist\u00e2ncia entre Brasil e Portugal, os dois seguem construindo a rela\u00e7\u00e3o. Para Lu\u00edsa, o mais importante n\u00e3o est\u00e1 nas promessas feitas para o futuro, mas naquilo que ambos demonstram e constroem juntos no presente.<\/p>\n<p><\/p>\n","protected":false},"excerpt":{"rendered":"<p>Lu\u00edsa Sonza est\u00e1 vivendo uma nova fase na vida pessoal e, desta vez, prefere manter boa parte dos detalhes longe dos holofotes. Rec\u00e9m-noiva do cirurgi\u00e3o pl\u00e1stico portugu\u00eas Lu\u00eds Ribeirinho, a cantora falou sobre o relacionamento, a rotina \u00e0 dist\u00e2ncia e a maneira mais madura com que passou a enxergar os compromissos afetivos. O noivado marca [\u2026]<\/p>\n","protected":false},"author":2,"featured_media":5168,"comment_status":"closed","ping_status":"open","sticky":false,"template":"","format":"standard","meta":{"footnotes":""},"categories":[32],"tags":[],"class_list":["post-5169","post","type-post","status-publish","format-standard","has-post-thumbnail","hentry","category-famosos"],"featured_image_urls":{"full":["https:\/\/famatv.com.br\/wp-content\/uploads\/2026\/09\/Luisa-Sonza-e-Luis-Ribeirinho.jpg",1200,900,false],"thumbnail":["https:\/\/famatv.com.br\/wp-content\/uploads\/2026\/09\/Luisa-Sonza-e-Luis-Ribeirinho-150x150.jpg",150,150,true],"medium":["https:\/\/famatv.com.br\/wp-content\/uploads\/2026\/09\/Luisa-Sonza-e-Luis-Ribeirinho-300x225.jpg",300,225,true],"medium_large":["https:\/\/famatv.com.br\/wp-content\/uploads\/2026\/09\/Luisa-Sonza-e-Luis-Ribeirinho-768x576.jpg",640,480,true],"large":["https:\/\/famatv.com.br\/wp-content\/uploads\/2026\/09\/Luisa-Sonza-e-Luis-Ribeirinho-1024x768.jpg",640,480,true],"1536x1536":["https:\/\/famatv.com.br\/wp-content\/uploads\/2026\/09\/Luisa-Sonza-e-Luis-Ribeirinho.jpg",1200,900,false],"2048x2048":["https:\/\/famatv.com.br\/wp-content\/uploads\/2026\/09\/Luisa-Sonza-e-Luis-Ribeirinho.jpg",1200,900,false]},"author_info":{"info":["assessoriadefamosos"]},"category_info":"<a href=\"https:\/\/famatv.com.br\/index.php\/category\/famosos\/\" rel=\"category tag\">Famosos<\/a>","tag_info":"Famosos","comment_count":"0","_links":{"self":[{"href":"https:\/\/famatv.com.br\/index.php\/wp-json\/wp\/v2\/posts\/5169","targetHints":{"allow":["GET"]}}],"collection":[{"href":"https:\/\/famatv.com.br\/index.php\/wp-json\/wp\/v2\/posts"}],"about":[{"href":"https:\/\/famatv.com.br\/index.php\/wp-json\/wp\/v2\/types\/post"}],"author":[{"embeddable":true,"href":"https:\/\/famatv.com.br\/index.php\/wp-json\/wp\/v2\/users\/2"}],"replies":[{"embeddable":true,"href":"https:\/\/famatv.com.br\/index.php\/wp-json\/wp\/v2\/comments?post=5169"}],"version-history":[{"count":1,"href":"https:\/\/famatv.com.br\/index.php\/wp-json\/wp\/v2\/posts\/5169\/revisions"}],"predecessor-version":[{"id":5170,"href":"https:\/\/famatv.com.br\/index.php\/wp-json\/wp\/v2\/posts\/5169\/revisions\/5170"}],"wp:featuredmedia":[{"embeddable":true,"href":"https:\/\/famatv.com.br\/index.php\/wp-json\/wp\/v2\/media\/5168"}],"wp:attachment":[{"href":"https:\/\/famatv.com.br\/index.php\/wp-json\/wp\/v2\/media?parent=5169"}],"wp:term":[{"taxonomy":"category","embeddable":true,"href":"https:\/\/famatv.com.br\/index.php\/wp-json\/wp\/v2\/categories?post=5169"},{"taxonomy":"post_tag","embeddable":true,"href":"https:\/\/famatv.com.br\/index.php\/wp-json\/wp\/v2\/tags?post=5169"}],"curies":[{"name":"wp","href":"https:\/\/api.w.org\/{rel}","templated":true}]}}