{"id":5175,"date":"2026-09-02T15:39:44","date_gmt":"2026-09-02T15:39:44","guid":{"rendered":"https:\/\/famatv.com.br\/?p=5175"},"modified":"2026-09-02T15:39:44","modified_gmt":"2026-09-02T15:39:44","slug":"fim-de-pedro-scooby-e-cintia-dicker-coloca-crise-dos-sete-anos-novamente-em-discussao","status":"publish","type":"post","link":"https:\/\/famatv.com.br\/index.php\/2026\/09\/02\/fim-de-pedro-scooby-e-cintia-dicker-coloca-crise-dos-sete-anos-novamente-em-discussao\/","title":{"rendered":"Fim de Pedro Scooby e C\u00edntia Dicker coloca \u201ccrise dos sete anos\u201d novamente em discuss\u00e3o"},"content":{"rendered":"<p>A confirma\u00e7\u00e3o do fim do relacionamento entre Pedro Scooby e C\u00edntia Dicker voltou a colocar em evid\u00eancia uma express\u00e3o bastante conhecida quando o assunto s\u00e3o relacionamentos duradouros: a chamada \u201ccrise dos sete anos\u201d. O casal encerrou a rela\u00e7\u00e3o justamente ap\u00f3s esse per\u00edodo de conviv\u00eancia, despertando a curiosidade do p\u00fablico sobre at\u00e9 que ponto o tempo de uni\u00e3o pode influenciar os rumos de uma rela\u00e7\u00e3o.<\/p>\n<p>A coincid\u00eancia chamou ainda mais aten\u00e7\u00e3o porque a ideia de que o s\u00e9timo ano seria especialmente delicado para os casais j\u00e1 faz parte do imagin\u00e1rio popular. Ao longo do tempo, diferentes separa\u00e7\u00f5es de relacionamentos que chegaram a essa marca acabaram alimentando a teoria de que existe uma esp\u00e9cie de fase cr\u00edtica na vida a dois.<\/p>\n<p>Mas, na pr\u00e1tica, a realidade \u00e9 mais complexa. Para explicar o que pode acontecer com um casal depois de anos de conviv\u00eancia e se os sete anos realmente representam um per\u00edodo de maior vulnerabilidade, o portal conversou com a psic\u00f3loga e terapeuta de casais Claudia Melo.<\/p>\n<p>De acordo com a especialista, n\u00e3o existe uma regra capaz de determinar que um relacionamento passar\u00e1 por uma crise exatamente ao completar sete anos. A dura\u00e7\u00e3o da uni\u00e3o pode coincidir com mudan\u00e7as importantes, mas o n\u00famero, isoladamente, n\u00e3o \u00e9 respons\u00e1vel pelos conflitos que surgem entre duas pessoas.<\/p>\n<p>Um dos fatores que pode pesar \u00e9 a transforma\u00e7\u00e3o natural da vida ao longo dos anos. As pessoas mudam, desenvolvem novos interesses, assumem responsabilidades diferentes e podem passar a enxergar o futuro de outra maneira. Quando essas mudan\u00e7as acontecem de forma muito distante entre os parceiros, a rela\u00e7\u00e3o pode sentir os efeitos.<\/p>\n<p>No come\u00e7o de um namoro, a novidade costuma ocupar um espa\u00e7o importante. Com o tempo, a rotina ganha for\u00e7a e o casal passa a lidar com responsabilidades que n\u00e3o estavam presentes no in\u00edcio da hist\u00f3ria. A conviv\u00eancia cotidiana pode revelar diferen\u00e7as que antes n\u00e3o eram t\u00e3o percept\u00edveis.<\/p>\n<p>\u00c9 justamente nessa fase que algumas quest\u00f5es podem deixar de ser adiadas. Problemas de comunica\u00e7\u00e3o, expectativas diferentes, dificuldades na divis\u00e3o de responsabilidades e falta de tempo para a rela\u00e7\u00e3o podem se acumular. Quando esses assuntos n\u00e3o s\u00e3o enfrentados, o desgaste tende a se tornar mais percept\u00edvel.<\/p>\n<p>Claudia Melo tamb\u00e9m chama aten\u00e7\u00e3o para o fato de que uma crise n\u00e3o necessariamente representa o fim de uma rela\u00e7\u00e3o. Momentos de dificuldade podem levar o casal a repensar comportamentos, estabelecer novos acordos e encontrar maneiras diferentes de conviver.<\/p>\n<p>O problema aparece quando os conflitos se tornam recorrentes e n\u00e3o existe mais disposi\u00e7\u00e3o para buscar solu\u00e7\u00f5es. Nesse cen\u00e1rio, a dist\u00e2ncia emocional pode crescer mesmo quando os parceiros continuam compartilhando a mesma casa, os mesmos compromissos e uma hist\u00f3ria constru\u00edda ao longo de anos.<\/p>\n<p>Outro aspecto importante \u00e9 a individualidade. Um relacionamento longo n\u00e3o significa que as duas pessoas deixem de ter necessidades e projetos pr\u00f3prios. Preservar espa\u00e7o individual e, ao mesmo tempo, manter objetivos em comum pode ser um dos desafios de uma rela\u00e7\u00e3o que atravessa diferentes fases.<\/p>\n<p>No caso de pessoas conhecidas, como Scooby e C\u00edntia, essas mudan\u00e7as acontecem sob os olhos do p\u00fablico. A exposi\u00e7\u00e3o faz com que qualquer altera\u00e7\u00e3o na rotina do casal seja acompanhada por seguidores e frequentemente d\u00ea origem a especula\u00e7\u00f5es antes mesmo de uma decis\u00e3o ser anunciada oficialmente.<\/p>\n<p>A repercuss\u00e3o do t\u00e9rmino tamb\u00e9m mostra como o p\u00fablico costuma transformar a dura\u00e7\u00e3o de um relacionamento em uma esp\u00e9cie de marcador. Sete anos, nesse contexto, ganham um significado especial porque coincidem com uma cren\u00e7a popular que h\u00e1 muito tempo circula quando se fala sobre vida conjugal.<\/p>\n<p>Para a especialista, por\u00e9m, n\u00e3o \u00e9 poss\u00edvel analisar o fim de uma rela\u00e7\u00e3o apenas pelo tempo em que duas pessoas permaneceram juntas. Uma separa\u00e7\u00e3o depois de sete anos pode ser resultado de dificuldades recentes, de problemas acumulados ou simplesmente da percep\u00e7\u00e3o de que os caminhos dos parceiros mudaram.<\/p>\n<p>Da mesma forma, casais que chegam ao s\u00e9timo ano n\u00e3o precisam encarar esse momento como uma amea\u00e7a. A dura\u00e7\u00e3o pode representar uma oportunidade para rever a rela\u00e7\u00e3o e entender se os dois continuam desejando construir a vida juntos.<\/p>\n<p>Manter uma rela\u00e7\u00e3o saud\u00e1vel exige adapta\u00e7\u00f5es constantes. Aquilo que funcionava no in\u00edcio pode precisar ser revisto anos depois, principalmente diante de mudan\u00e7as profissionais, familiares e pessoais. O di\u00e1logo passa a ser essencial para que as necessidades de cada um n\u00e3o sejam ignoradas.<\/p>\n<p>A hist\u00f3ria de Scooby e C\u00edntia, portanto, n\u00e3o serve como confirma\u00e7\u00e3o de uma suposta \u201cdata de validade\u201d dos relacionamentos. A coincid\u00eancia com os sete anos apenas reacendeu uma discuss\u00e3o que continua despertando interesse, mas n\u00e3o explica, sozinha, os motivos que levam um casal a terminar.<\/p>\n<p>Mais do que o calend\u00e1rio, s\u00e3o as experi\u00eancias vividas ao longo da rela\u00e7\u00e3o que ajudam a determinar seus rumos. Para alguns casais, per\u00edodos de transforma\u00e7\u00e3o podem fortalecer a parceria. Para outros, podem deixar evidente que os projetos de vida j\u00e1 n\u00e3o caminham na mesma dire\u00e7\u00e3o.<\/p>\n<p>\u00c9 por isso que, segundo a perspectiva da terapia de casal, o mais importante n\u00e3o \u00e9 temer o s\u00e9timo ano, mas perceber como est\u00e1 a rela\u00e7\u00e3o e quais mudan\u00e7as precisam ser feitas para que ambos se sintam respeitados e ouvidos. Afinal, relacionamentos longos n\u00e3o permanecem iguais \u2014 eles precisam acompanhar as pessoas que os constroem.<\/p>\n<p><\/p>\n","protected":false},"excerpt":{"rendered":"<p>A confirma\u00e7\u00e3o do fim do relacionamento entre Pedro Scooby e C\u00edntia Dicker voltou a colocar em evid\u00eancia uma express\u00e3o bastante conhecida quando o assunto s\u00e3o relacionamentos duradouros: a chamada \u201ccrise dos sete anos\u201d. O casal encerrou a rela\u00e7\u00e3o justamente ap\u00f3s esse per\u00edodo de conviv\u00eancia, despertando a curiosidade do p\u00fablico sobre at\u00e9 que ponto o tempo [\u2026]<\/p>\n","protected":false},"author":2,"featured_media":5174,"comment_status":"closed","ping_status":"open","sticky":false,"template":"","format":"standard","meta":{"footnotes":""},"categories":[32],"tags":[],"class_list":["post-5175","post","type-post","status-publish","format-standard","has-post-thumbnail","hentry","category-famosos"],"featured_image_urls":{"full":["https:\/\/famatv.com.br\/wp-content\/uploads\/2026\/09\/pedro-scooby-defende-a-esposa-de-comentario-negativo-nas-redes-sociais-1707848599.webp",622,470,false],"thumbnail":["https:\/\/famatv.com.br\/wp-content\/uploads\/2026\/09\/pedro-scooby-defende-a-esposa-de-comentario-negativo-nas-redes-sociais-1707848599-150x150.webp",150,150,true],"medium":["https:\/\/famatv.com.br\/wp-content\/uploads\/2026\/09\/pedro-scooby-defende-a-esposa-de-comentario-negativo-nas-redes-sociais-1707848599-300x227.webp",300,227,true],"medium_large":["https:\/\/famatv.com.br\/wp-content\/uploads\/2026\/09\/pedro-scooby-defende-a-esposa-de-comentario-negativo-nas-redes-sociais-1707848599.webp",622,470,false],"large":["https:\/\/famatv.com.br\/wp-content\/uploads\/2026\/09\/pedro-scooby-defende-a-esposa-de-comentario-negativo-nas-redes-sociais-1707848599.webp",622,470,false],"1536x1536":["https:\/\/famatv.com.br\/wp-content\/uploads\/2026\/09\/pedro-scooby-defende-a-esposa-de-comentario-negativo-nas-redes-sociais-1707848599.webp",622,470,false],"2048x2048":["https:\/\/famatv.com.br\/wp-content\/uploads\/2026\/09\/pedro-scooby-defende-a-esposa-de-comentario-negativo-nas-redes-sociais-1707848599.webp",622,470,false]},"author_info":{"info":["assessoriadefamosos"]},"category_info":"<a href=\"https:\/\/famatv.com.br\/index.php\/category\/famosos\/\" rel=\"category tag\">Famosos<\/a>","tag_info":"Famosos","comment_count":"0","_links":{"self":[{"href":"https:\/\/famatv.com.br\/index.php\/wp-json\/wp\/v2\/posts\/5175","targetHints":{"allow":["GET"]}}],"collection":[{"href":"https:\/\/famatv.com.br\/index.php\/wp-json\/wp\/v2\/posts"}],"about":[{"href":"https:\/\/famatv.com.br\/index.php\/wp-json\/wp\/v2\/types\/post"}],"author":[{"embeddable":true,"href":"https:\/\/famatv.com.br\/index.php\/wp-json\/wp\/v2\/users\/2"}],"replies":[{"embeddable":true,"href":"https:\/\/famatv.com.br\/index.php\/wp-json\/wp\/v2\/comments?post=5175"}],"version-history":[{"count":1,"href":"https:\/\/famatv.com.br\/index.php\/wp-json\/wp\/v2\/posts\/5175\/revisions"}],"predecessor-version":[{"id":5176,"href":"https:\/\/famatv.com.br\/index.php\/wp-json\/wp\/v2\/posts\/5175\/revisions\/5176"}],"wp:featuredmedia":[{"embeddable":true,"href":"https:\/\/famatv.com.br\/index.php\/wp-json\/wp\/v2\/media\/5174"}],"wp:attachment":[{"href":"https:\/\/famatv.com.br\/index.php\/wp-json\/wp\/v2\/media?parent=5175"}],"wp:term":[{"taxonomy":"category","embeddable":true,"href":"https:\/\/famatv.com.br\/index.php\/wp-json\/wp\/v2\/categories?post=5175"},{"taxonomy":"post_tag","embeddable":true,"href":"https:\/\/famatv.com.br\/index.php\/wp-json\/wp\/v2\/tags?post=5175"}],"curies":[{"name":"wp","href":"https:\/\/api.w.org\/{rel}","templated":true}]}}