{"id":5187,"date":"2026-09-03T15:24:10","date_gmt":"2026-09-03T15:24:10","guid":{"rendered":"https:\/\/famatv.com.br\/?p=5187"},"modified":"2026-09-03T15:24:10","modified_gmt":"2026-09-03T15:24:10","slug":"engenheiros-arquitetos-e-especialistas-viram-influencers-e-ganham-espaco-nas-redes-sociais-falando-sobre-obras","status":"publish","type":"post","link":"https:\/\/famatv.com.br\/index.php\/2026\/09\/03\/engenheiros-arquitetos-e-especialistas-viram-influencers-e-ganham-espaco-nas-redes-sociais-falando-sobre-obras\/","title":{"rendered":"Engenheiros, arquitetos e especialistas viram influencers e ganham espa\u00e7o nas redes sociais falando sobre obras\u00a0"},"content":{"rendered":"<p>Construir, reformar ou simplesmente descobrir se aquela solu\u00e7\u00e3o que viralizou nas redes sociais realmente funciona faz parte de uma busca cada vez mais comum no ambiente digital. Profissionais da constru\u00e7\u00e3o civil v\u00eam conquistando espa\u00e7o digitalmente e transformando conhecimento t\u00e9cnico em v\u00eddeos, dicas e conte\u00fados consumidos tamb\u00e9m por quem est\u00e1 fora do setor.<\/p>\n<p>Neste cen\u00e1rio, a Feicon Rio, que estreia de 6 a 8 de outubro, no Riocentro, contar\u00e1 com a Arena dos Influenciadores, espa\u00e7o dedicado \u00e0 troca entre criadores de conte\u00fado, profissionais da constru\u00e7\u00e3o civil, marcas e visitantes. Com programa\u00e7\u00e3o durante os tr\u00eas dias da feira, a iniciativa reunir\u00e1 mais de 50 influenciadores e ter\u00e1 curadoria da engenheira e embaixadora da Feicon, Iza Valad\u00e3o.<\/p>\n<p>A proposta \u00e9 aproximar o conhecimento t\u00e9cnico da linguagem mais simples e acess\u00edvel utilizada nas redes sociais, criando um ambiente para a circula\u00e7\u00e3o de informa\u00e7\u00f5es, experi\u00eancias e diferentes perspectivas sobre a constru\u00e7\u00e3o civil. O espa\u00e7o tamb\u00e9m permitir\u00e1 que os criadores ampliem suas conex\u00f5es e fortale\u00e7am o relacionamento com profissionais e empresas do mercado.<\/p>\n<p>A programa\u00e7\u00e3o inclui palestras e pain\u00e9is sobre temas como valoriza\u00e7\u00e3o dos profissionais da constru\u00e7\u00e3o, inova\u00e7\u00e3o, empreendedorismo, produ\u00e7\u00e3o de conte\u00fado, posicionamento digital e novas formas de relacionamento com o consumidor. A agenda reunir\u00e1 convidados de diferentes \u00e1reas e regi\u00f5es do pa\u00eds, combinando conhecimento t\u00e9cnico e experi\u00eancias pr\u00e1ticas.<\/p>\n<p>Para a engenheira Iza Valad\u00e3o, o crescimento da influ\u00eancia digital vem modificando a forma como as informa\u00e7\u00f5es sobre a constru\u00e7\u00e3o chegam aos diferentes p\u00fablicos. \u201cO mercado de influ\u00eancia ganhou um papel muito importante na constru\u00e7\u00e3o civil porque ajuda a transformar assuntos t\u00e9cnicos em conte\u00fados mais pr\u00f3ximos da realidade das pessoas.\u201d<\/p>\n<h2 class=\"wp-block-heading\"><strong>8\u00ba Encontro Mica<\/strong><\/h2>\n<p>No terceiro e \u00faltimo dia da Feicon Rio, a Arena receber\u00e1 ainda o 8\u00ba Encontro Mica, voltado \u00e0 conex\u00e3o entre arquitetos e designers cariocas. A atividade integra a programa\u00e7\u00e3o do espa\u00e7o e amplia as oportunidades de relacionamento entre profissionais, criadores e diferentes agentes ligados ao setor.<\/p>\n<p>A Arena dos Influenciadores ser\u00e1 aberta a todos os visitantes credenciados na Feicon Rio, respeitando a capacidade do espa\u00e7o. Criadores de conte\u00fado interessados em visitar a feira poder\u00e3o realizar o credenciamento na categoria \u201c<a href=\"https:\/\/www.feiconrio.com.br\/pt-br\/register.html?cat=influenciador&#038;ct=U2FsdGVkX1\/kSmz8wb6jg2Z2AfBpokAwQBWnXlpIDJg=&#038;t=M&#038;accessToken=eyJhbGciOiJSUzI1NiIsImtpZCI6IjIxQTZDNDJGOTE3MzE3QzBBODdGODBCQzVFMDQ0NjA0MEUwNjlBRDdSUzI1NiIsIng1dCI6IklhYkVMNUZ6RjhDb2Y0QzhYZ1JHQkE0R210YyIsInR5cCI6IkpXVCJ9.eyJpc3MiOiJodHRwczovL2F1dGgucmVlZGV4cG8uY29tL3NlY3VyZSIsIm5iZiI6MTc3NDM4MTcwOSwiaWF0IjoxNzc0MzgxNzA5LCJleHAiOjE3ODkzODE3MDksImF1ZCI6WyJ1cm46cng6ZGlnaXRhbDphcGk6d2F0Y2hib3giLCJodHRwczovL2F1dGgucmVlZGV4cG8uY29tL3NlY3VyZS9yZXNvdXJjZXMiXSwic2NvcGUiOlsidXJuOnJ4OmRpZ2l0YWw6YWN0aW9uOndyaXRlIl0sImFtciI6WyJwYXNzd29yZCJdLCJjbGllbnRfaWQiOiI1ZmRmNjRiODQyNzc0ODM4OTc2YTUzZjcwYWI2MWNjNyIsInN1YiI6ImIxMDI5ZGM4YjVlMjRlMGY4MmM4MjM1Y2ZmMmY1YzQyIiwiYXV0aF90aW1lIjoxNzc0MzgxNzA5LCJpZHAiOiJsb2NhbCIsInJvbGUiOiJhbm9ueW1vdXMifQ.RrjtTzHjZCd1d35Am1R1foxehDgj0Op-PoadLPrXx4ZPSpoDogvqg7sh6X1dfoEOKzTOmsOx2jnPutO8kEUTdki2uAQAlwrKHBYEs0-1hgThwGOsC_aZ2ON-9iK6dGWEhfqk2jvXBx0hrbB-y-oBFZI3Y82WeNdRBfkQBMNupHfT5pTz-eBt4mj7b4ElWq4qnJ-BIuAPa1c729YP3R3yKd8RZFc2QNSefRIjzoCoeZO6l_qyr8p-PECtLDBPwXu3FZtR3I7-7Hw1MrcpKYJmObkX5kFOG0ex6aTd28FtJZMamhomXraCSgmcYaPrgf4sgkRuWrcUUEgkMyCIzoS04g&#038;mpDistinctId=NjFjNDJjN2EtYjFhNi00NDFkLWJiNjQtMDcyMWZkZjJiZjcw&#038;eventEditionId=eve-90206f6d-6b8f-45ac-aaba-2cfa1a99b2fb&#038;interfaceLocale=pt-BR&#038;utm_campaign=direct_traffic&#038;utm_medium=none&#038;utm_source=direct\">Influenciador<\/a>\u201d pelos canais oficiais do evento.<\/p>\n<p>\u201cA forma como a constru\u00e7\u00e3o civil se comunica e compartilha conhecimento est\u00e1 mudando. Os influenciadores passaram a integrar esse ecossistema, levando informa\u00e7\u00f5es, solu\u00e7\u00f5es e experi\u00eancias a p\u00fablicos dentro e fora do setor. A Arena reflete esse movimento e refor\u00e7a a proposta da Feicon Rio de conectar diferentes agentes da cadeia, ampliando o di\u00e1logo e a circula\u00e7\u00e3o do conhecimento\u201d, afirma Ivan Rom\u00e3o, diretor da Feicon.<\/p>\n<h2 class=\"wp-block-heading\"><strong>Credenciamento<\/strong><\/h2>\n<p>O credenciamento \u00e9 gratuito e pode ser feito no <a href=\"https:\/\/www.feiconrio.com.br\/pt-br.html\">site oficial da Feicon Rio<\/a>. Podem se inscrever <a href=\"https:\/\/www.feiconrio.com.br\/pt-br\/register.html?cat=visitante&#038;ct=U2FsdGVkX1+3evTSl3dUtsdmOSXPuFi\/xoS8aytmFck=&#038;t=M&#038;utm_source=outros&#038;utm_campaign=PR&#038;utm_medium=referral&#038;utm_content=press_release&#038;utm_ref=press_release\">visitantes<\/a> e profissionais de <a href=\"https:\/\/www.feiconrio.com.br\/pt-br\/register.html?cat=imprensa&#038;ct=U2FsdGVkX1\/kSmz8wb6jg2Z2AfBpokAwQBWnXlpIDJg=&#038;t=M\">imprensa<\/a> interessados em acompanhar a programa\u00e7\u00e3o, conhecer lan\u00e7amentos, acessar conte\u00fados t\u00e9cnicos e se conectar com empresas e especialistas do setor.<\/p>\n<p><\/p>\n","protected":false},"excerpt":{"rendered":"<p>Feicon Rio re\u00fane mais de 50 criadores de conte\u00fado em arena que aproxima a constru\u00e7\u00e3o civil do universo digital<\/p>\n","protected":false},"author":2,"featured_media":5186,"comment_status":"closed","ping_status":"open","sticky":false,"template":"","format":"standard","meta":{"footnotes":""},"categories":[82],"tags":[146,147,148,149,150],"class_list":["post-5187","post","type-post","status-publish","format-standard","has-post-thumbnail","hentry","category-influenciadores","tag-arena-dos-influenciadores","tag-construcao-civil","tag-feicon-rio","tag-influenciadores","tag-redes-sociais"],"featured_image_urls":{"full":["https:\/\/famatv.com.br\/wp-content\/uploads\/2026\/09\/FEICON2026_090426_18h44_MF_1259-scaled-1.jpg",2560,1707,false],"thumbnail":["https:\/\/famatv.com.br\/wp-content\/uploads\/2026\/09\/FEICON2026_090426_18h44_MF_1259-scaled-1-150x150.jpg",150,150,true],"medium":["https:\/\/famatv.com.br\/wp-content\/uploads\/2026\/09\/FEICON2026_090426_18h44_MF_1259-scaled-1-300x200.jpg",300,200,true],"medium_large":["https:\/\/famatv.com.br\/wp-content\/uploads\/2026\/09\/FEICON2026_090426_18h44_MF_1259-scaled-1-768x512.jpg",640,427,true],"large":["https:\/\/famatv.com.br\/wp-content\/uploads\/2026\/09\/FEICON2026_090426_18h44_MF_1259-scaled-1-1024x683.jpg",640,427,true],"1536x1536":["https:\/\/famatv.com.br\/wp-content\/uploads\/2026\/09\/FEICON2026_090426_18h44_MF_1259-scaled-1-1536x1024.jpg",1536,1024,true],"2048x2048":["https:\/\/famatv.com.br\/wp-content\/uploads\/2026\/09\/FEICON2026_090426_18h44_MF_1259-scaled-1-2048x1366.jpg",2048,1366,true]},"author_info":{"info":["assessoriadefamosos"]},"category_info":"<a href=\"https:\/\/famatv.com.br\/index.php\/category\/influenciadores\/\" rel=\"category tag\">Influenciadores<\/a>","tag_info":"Influenciadores","comment_count":"0","_links":{"self":[{"href":"https:\/\/famatv.com.br\/index.php\/wp-json\/wp\/v2\/posts\/5187","targetHints":{"allow":["GET"]}}],"collection":[{"href":"https:\/\/famatv.com.br\/index.php\/wp-json\/wp\/v2\/posts"}],"about":[{"href":"https:\/\/famatv.com.br\/index.php\/wp-json\/wp\/v2\/types\/post"}],"author":[{"embeddable":true,"href":"https:\/\/famatv.com.br\/index.php\/wp-json\/wp\/v2\/users\/2"}],"replies":[{"embeddable":true,"href":"https:\/\/famatv.com.br\/index.php\/wp-json\/wp\/v2\/comments?post=5187"}],"version-history":[{"count":1,"href":"https:\/\/famatv.com.br\/index.php\/wp-json\/wp\/v2\/posts\/5187\/revisions"}],"predecessor-version":[{"id":5188,"href":"https:\/\/famatv.com.br\/index.php\/wp-json\/wp\/v2\/posts\/5187\/revisions\/5188"}],"wp:featuredmedia":[{"embeddable":true,"href":"https:\/\/famatv.com.br\/index.php\/wp-json\/wp\/v2\/media\/5186"}],"wp:attachment":[{"href":"https:\/\/famatv.com.br\/index.php\/wp-json\/wp\/v2\/media?parent=5187"}],"wp:term":[{"taxonomy":"category","embeddable":true,"href":"https:\/\/famatv.com.br\/index.php\/wp-json\/wp\/v2\/categories?post=5187"},{"taxonomy":"post_tag","embeddable":true,"href":"https:\/\/famatv.com.br\/index.php\/wp-json\/wp\/v2\/tags?post=5187"}],"curies":[{"name":"wp","href":"https:\/\/api.w.org\/{rel}","templated":true}]}}