{"id":5202,"date":"2026-09-03T16:47:05","date_gmt":"2026-09-03T16:47:05","guid":{"rendered":"https:\/\/famatv.com.br\/?p=5202"},"modified":"2026-09-03T16:47:05","modified_gmt":"2026-09-03T16:47:05","slug":"simone-mendes-revela-procedimento-no-nariz-apos-aparecer-com-curativo-e-brinca-com-surpresa-dos-fas","status":"publish","type":"post","link":"https:\/\/famatv.com.br\/index.php\/2026\/09\/03\/simone-mendes-revela-procedimento-no-nariz-apos-aparecer-com-curativo-e-brinca-com-surpresa-dos-fas\/","title":{"rendered":"Simone Mendes revela procedimento no nariz ap\u00f3s aparecer com curativo e brinca com surpresa dos f\u00e3s"},"content":{"rendered":"<p>Simone Mendes chamou a aten\u00e7\u00e3o dos seguidores ao aparecer nas redes sociais com um curativo no nariz. A cantora havia levantado a curiosidade do p\u00fablico um dia antes, quando mostrou que estava em uma cl\u00ednica de est\u00e9tica, mas sem revelar o motivo da visita.<\/p>\n<p>Na quarta-feira (2\/9), a sertaneja decidiu acabar com o mist\u00e9rio e compartilhou imagens em que aparece com o rosto enfaixado. O curativo concentrado na regi\u00e3o do nariz entregou que ela havia passado por um procedimento no local.<\/p>\n<p>Com o bom humor que costuma demonstrar nas redes sociais, Simone falou sobre a mudan\u00e7a tempor\u00e1ria na apar\u00eancia e n\u00e3o se incomodou em mostrar o rosto mesmo com o incha\u00e7o. A artista explicou que a rea\u00e7\u00e3o faz parte do processo ap\u00f3s a realiza\u00e7\u00e3o do procedimento.<\/p>\n<p>Segundo a cantora, ser\u00e1 necess\u00e1rio permanecer com o curativo durante 14 dias. O per\u00edodo de recupera\u00e7\u00e3o deve ser acompanhado de cuidados espec\u00edficos at\u00e9 que a regi\u00e3o desinche e volte ao aspecto habitual.<\/p>\n<p>A revela\u00e7\u00e3o pegou parte dos f\u00e3s de surpresa, j\u00e1 que Simone n\u00e3o havia antecipado qual seria o procedimento. O \u00fanico sinal dado anteriormente foi a passagem pela cl\u00ednica, o que fez os seguidores especularem sobre o motivo da visita.<\/p>\n<p>Ao mostrar o resultado inicial, a artista preferiu levar a situa\u00e7\u00e3o de maneira descontra\u00edda. Em vez de esconder o rosto ou esperar a recupera\u00e7\u00e3o completa para aparecer, ela decidiu dividir com o p\u00fablico justamente uma das fases em que as marcas do procedimento ainda est\u00e3o vis\u00edveis.<\/p>\n<p>O incha\u00e7o tamb\u00e9m acabou fazendo parte da conversa. Simone explicou que a apar\u00eancia nos primeiros dias n\u00e3o representa necessariamente o resultado final, j\u00e1 que o rosto ainda passa pelo per\u00edodo natural de recupera\u00e7\u00e3o.<\/p>\n<p>A cantora segue mantendo a rotina de publica\u00e7\u00f5es enquanto se adapta aos cuidados necess\u00e1rios. Mesmo com o curativo, ela continuou conversando com os seguidores e aproveitou o momento para revelar a novidade de forma espont\u00e2nea.<\/p>\n<p>A mudan\u00e7a chamou aten\u00e7\u00e3o principalmente pela maneira inesperada como foi apresentada. O pequeno spoiler feito na ter\u00e7a-feira ganhou outro significado quando Simone surgiu no dia seguinte com o curativo no nariz.<\/p>\n<p>Agora, os f\u00e3s dever\u00e3o acompanhar os pr\u00f3ximos dias de recupera\u00e7\u00e3o da sertaneja. Como ela mesma explicou, o curativo permanecer\u00e1 por duas semanas, per\u00edodo em que o incha\u00e7o dever\u00e1 diminuir gradualmente.<\/p>\n<p>Sem transformar o procedimento em um grande mist\u00e9rio, Simone mostrou mais uma vez que prefere conversar diretamente com o p\u00fablico quando alguma mudan\u00e7a em sua rotina desperta curiosidade. Desta vez, o detalhe no rosto foi suficiente para provocar uma onda de perguntas e coment\u00e1rios nas redes sociais.<\/p>\n<p><\/p>\n","protected":false},"excerpt":{"rendered":"<p>Simone Mendes chamou a aten\u00e7\u00e3o dos seguidores ao aparecer nas redes sociais com um curativo no nariz. A cantora havia levantado a curiosidade do p\u00fablico um dia antes, quando mostrou que estava em uma cl\u00ednica de est\u00e9tica, mas sem revelar o motivo da visita. Na quarta-feira (2\/9), a sertaneja decidiu acabar com o mist\u00e9rio e [\u2026]<\/p>\n","protected":false},"author":2,"featured_media":5201,"comment_status":"closed","ping_status":"open","sticky":false,"template":"","format":"standard","meta":{"footnotes":""},"categories":[32],"tags":[],"class_list":["post-5202","post","type-post","status-publish","format-standard","has-post-thumbnail","hentry","category-famosos"],"featured_image_urls":{"full":["https:\/\/famatv.com.br\/wp-content\/uploads\/2026\/09\/bHBVDrkP-Simone-Mendes.jpg",1200,900,false],"thumbnail":["https:\/\/famatv.com.br\/wp-content\/uploads\/2026\/09\/bHBVDrkP-Simone-Mendes-150x150.jpg",150,150,true],"medium":["https:\/\/famatv.com.br\/wp-content\/uploads\/2026\/09\/bHBVDrkP-Simone-Mendes-300x225.jpg",300,225,true],"medium_large":["https:\/\/famatv.com.br\/wp-content\/uploads\/2026\/09\/bHBVDrkP-Simone-Mendes-768x576.jpg",640,480,true],"large":["https:\/\/famatv.com.br\/wp-content\/uploads\/2026\/09\/bHBVDrkP-Simone-Mendes-1024x768.jpg",640,480,true],"1536x1536":["https:\/\/famatv.com.br\/wp-content\/uploads\/2026\/09\/bHBVDrkP-Simone-Mendes.jpg",1200,900,false],"2048x2048":["https:\/\/famatv.com.br\/wp-content\/uploads\/2026\/09\/bHBVDrkP-Simone-Mendes.jpg",1200,900,false]},"author_info":{"info":["assessoriadefamosos"]},"category_info":"<a href=\"https:\/\/famatv.com.br\/index.php\/category\/famosos\/\" rel=\"category tag\">Famosos<\/a>","tag_info":"Famosos","comment_count":"0","_links":{"self":[{"href":"https:\/\/famatv.com.br\/index.php\/wp-json\/wp\/v2\/posts\/5202","targetHints":{"allow":["GET"]}}],"collection":[{"href":"https:\/\/famatv.com.br\/index.php\/wp-json\/wp\/v2\/posts"}],"about":[{"href":"https:\/\/famatv.com.br\/index.php\/wp-json\/wp\/v2\/types\/post"}],"author":[{"embeddable":true,"href":"https:\/\/famatv.com.br\/index.php\/wp-json\/wp\/v2\/users\/2"}],"replies":[{"embeddable":true,"href":"https:\/\/famatv.com.br\/index.php\/wp-json\/wp\/v2\/comments?post=5202"}],"version-history":[{"count":1,"href":"https:\/\/famatv.com.br\/index.php\/wp-json\/wp\/v2\/posts\/5202\/revisions"}],"predecessor-version":[{"id":5203,"href":"https:\/\/famatv.com.br\/index.php\/wp-json\/wp\/v2\/posts\/5202\/revisions\/5203"}],"wp:featuredmedia":[{"embeddable":true,"href":"https:\/\/famatv.com.br\/index.php\/wp-json\/wp\/v2\/media\/5201"}],"wp:attachment":[{"href":"https:\/\/famatv.com.br\/index.php\/wp-json\/wp\/v2\/media?parent=5202"}],"wp:term":[{"taxonomy":"category","embeddable":true,"href":"https:\/\/famatv.com.br\/index.php\/wp-json\/wp\/v2\/categories?post=5202"},{"taxonomy":"post_tag","embeddable":true,"href":"https:\/\/famatv.com.br\/index.php\/wp-json\/wp\/v2\/tags?post=5202"}],"curies":[{"name":"wp","href":"https:\/\/api.w.org\/{rel}","templated":true}]}}