{"id":5205,"date":"2026-09-03T16:53:07","date_gmt":"2026-09-03T16:53:07","guid":{"rendered":"https:\/\/famatv.com.br\/?p=5205"},"modified":"2026-09-03T16:53:07","modified_gmt":"2026-09-03T16:53:07","slug":"filho-de-giovani-revela-bastidores-da-separacao-do-pai-e-declara-apoio-a-nova-fase-do-cantor","status":"publish","type":"post","link":"https:\/\/famatv.com.br\/index.php\/2026\/09\/03\/filho-de-giovani-revela-bastidores-da-separacao-do-pai-e-declara-apoio-a-nova-fase-do-cantor\/","title":{"rendered":"Filho de Giovani revela bastidores da separa\u00e7\u00e3o do pai e declara apoio \u00e0 nova fase do cantor"},"content":{"rendered":"<p>Marcelo Morais, filho de Giovani, decidiu falar sobre o momento delicado vivido pelo pai ap\u00f3s o fim do casamento de 26 anos com Anna Carolina Morais. A separa\u00e7\u00e3o ganhou grande repercuss\u00e3o depois que a ex-companheira do sertanejo questionou a maneira como o relacionamento chegou ao fim e afirmou ter sido surpreendida ao saber do envolvimento dele com outra mulher.<\/p>\n<p>Diante da pol\u00eamica, Marcelo utilizou as redes sociais para apresentar sua pr\u00f3pria vis\u00e3o sobre o t\u00e9rmino. Filho de Giovani de uma rela\u00e7\u00e3o anterior, ele afirmou que recebeu a not\u00edcia do fim do casamento com al\u00edvio e aproveitou a manifesta\u00e7\u00e3o para comentar tamb\u00e9m a rela\u00e7\u00e3o que vinha mantendo com o pai.<\/p>\n<p>Segundo Marcelo, os dois passaram por anos de distanciamento. A declara\u00e7\u00e3o trouxe \u00e0 tona uma quest\u00e3o familiar que, at\u00e9 ent\u00e3o, n\u00e3o havia aparecido com tanta for\u00e7a na discuss\u00e3o p\u00fablica sobre a separa\u00e7\u00e3o.<\/p>\n<p>O posicionamento do filho aconteceu justamente enquanto Giovani enfrenta cr\u00edticas relacionadas ao in\u00edcio de seu novo relacionamento. Anna Carolina teria afirmado que o cantor pediu um per\u00edodo para que os dois ficassem afastados, mas que n\u00e3o teria sido informada de que a uni\u00e3o estava definitivamente encerrada.<\/p>\n<p>A apari\u00e7\u00e3o de Giovani ao lado de uma nova companheira acabou aumentando a repercuss\u00e3o. A proximidade entre os dois levantou questionamentos sobre a cronologia dos acontecimentos e fez com que a separa\u00e7\u00e3o passasse a ser comentada tamb\u00e9m entre os f\u00e3s da dupla sertaneja.<\/p>\n<p>Marcelo, no entanto, apresentou uma perspectiva diferente daquela exposta pela ex-mulher do cantor. Em sua manifesta\u00e7\u00e3o, o filho demonstrou apoio ao pai e destacou que o encerramento da rela\u00e7\u00e3o representa uma oportunidade para Giovani come\u00e7ar uma nova etapa de sua vida.<\/p>\n<p>A declara\u00e7\u00e3o sobre o distanciamento entre os dois tamb\u00e9m chamou aten\u00e7\u00e3o. Ao falar sobre a pr\u00f3pria experi\u00eancia familiar, Marcelo indicou que o relacionamento com Giovani j\u00e1 enfrentava dificuldades h\u00e1 algum tempo, independentemente da recente separa\u00e7\u00e3o do cantor.<\/p>\n<p>O casamento de Giovani e Anna Carolina durou mais de duas d\u00e9cadas e chegou ao fim depois de 26 anos. Por se tratar de uma uni\u00e3o longa, a not\u00edcia naturalmente repercutiu entre pessoas pr\u00f3ximas e admiradores que acompanharam parte da trajet\u00f3ria do casal.<\/p>\n<p>A pol\u00eamica ganhou novos cap\u00edtulos conforme as vers\u00f5es sobre o t\u00e9rmino come\u00e7aram a aparecer. Enquanto Anna Carolina contestou a forma como a separa\u00e7\u00e3o teria acontecido, Giovani passou a viver uma nova fase pessoal, agora tamb\u00e9m sob os olhares do p\u00fablico.<\/p>\n<p>Nesse cen\u00e1rio, a manifesta\u00e7\u00e3o de Marcelo acabou funcionando como uma demonstra\u00e7\u00e3o p\u00fablica de lealdade ao pai. O filho n\u00e3o escondeu o al\u00edvio diante do fim da uni\u00e3o e deixou claro que enxerga a mudan\u00e7a de maneira positiva.<\/p>\n<p>O epis\u00f3dio tamb\u00e9m evidencia que o t\u00e9rmino de um relacionamento de longa dura\u00e7\u00e3o pode afetar diferentes pessoas da fam\u00edlia. Al\u00e9m das quest\u00f5es envolvendo o ex-casal, existem hist\u00f3rias anteriores e rela\u00e7\u00f5es familiares que acabam sendo impactadas pelas mudan\u00e7as.<\/p>\n<p>Para Marcelo, a nova fase pode significar uma oportunidade de reaproxima\u00e7\u00e3o com Giovani. Ao mencionar o per\u00edodo de afastamento e defender o pai publicamente, ele sinalizou que o momento atual tamb\u00e9m pode abrir espa\u00e7o para reconstruir a conviv\u00eancia entre os dois.<\/p>\n<p>Enquanto a discuss\u00e3o sobre o fim do casamento continua repercutindo, Giovani segue diante de uma nova etapa em sua vida pessoal. O apoio declarado pelo filho surge em meio \u00e0 exposi\u00e7\u00e3o e acrescenta um novo ponto de vista \u00e0 hist\u00f3ria que ganhou destaque nas redes sociais.<\/p>\n<p><\/p>\n","protected":false},"excerpt":{"rendered":"<p>Marcelo Morais, filho de Giovani, decidiu falar sobre o momento delicado vivido pelo pai ap\u00f3s o fim do casamento de 26 anos com Anna Carolina Morais. A separa\u00e7\u00e3o ganhou grande repercuss\u00e3o depois que a ex-companheira do sertanejo questionou a maneira como o relacionamento chegou ao fim e afirmou ter sido surpreendida ao saber do envolvimento [\u2026]<\/p>\n","protected":false},"author":2,"featured_media":5204,"comment_status":"closed","ping_status":"open","sticky":false,"template":"","format":"standard","meta":{"footnotes":""},"categories":[32],"tags":[],"class_list":["post-5205","post","type-post","status-publish","format-standard","has-post-thumbnail","hentry","category-famosos"],"featured_image_urls":{"full":["https:\/\/famatv.com.br\/wp-content\/uploads\/2026\/09\/LzswxTNe-Backup-capa-1-foto.png",1200,900,false],"thumbnail":["https:\/\/famatv.com.br\/wp-content\/uploads\/2026\/09\/LzswxTNe-Backup-capa-1-foto-150x150.png",150,150,true],"medium":["https:\/\/famatv.com.br\/wp-content\/uploads\/2026\/09\/LzswxTNe-Backup-capa-1-foto-300x225.png",300,225,true],"medium_large":["https:\/\/famatv.com.br\/wp-content\/uploads\/2026\/09\/LzswxTNe-Backup-capa-1-foto-768x576.png",640,480,true],"large":["https:\/\/famatv.com.br\/wp-content\/uploads\/2026\/09\/LzswxTNe-Backup-capa-1-foto-1024x768.png",640,480,true],"1536x1536":["https:\/\/famatv.com.br\/wp-content\/uploads\/2026\/09\/LzswxTNe-Backup-capa-1-foto.png",1200,900,false],"2048x2048":["https:\/\/famatv.com.br\/wp-content\/uploads\/2026\/09\/LzswxTNe-Backup-capa-1-foto.png",1200,900,false]},"author_info":{"info":["assessoriadefamosos"]},"category_info":"<a href=\"https:\/\/famatv.com.br\/index.php\/category\/famosos\/\" rel=\"category tag\">Famosos<\/a>","tag_info":"Famosos","comment_count":"0","_links":{"self":[{"href":"https:\/\/famatv.com.br\/index.php\/wp-json\/wp\/v2\/posts\/5205","targetHints":{"allow":["GET"]}}],"collection":[{"href":"https:\/\/famatv.com.br\/index.php\/wp-json\/wp\/v2\/posts"}],"about":[{"href":"https:\/\/famatv.com.br\/index.php\/wp-json\/wp\/v2\/types\/post"}],"author":[{"embeddable":true,"href":"https:\/\/famatv.com.br\/index.php\/wp-json\/wp\/v2\/users\/2"}],"replies":[{"embeddable":true,"href":"https:\/\/famatv.com.br\/index.php\/wp-json\/wp\/v2\/comments?post=5205"}],"version-history":[{"count":1,"href":"https:\/\/famatv.com.br\/index.php\/wp-json\/wp\/v2\/posts\/5205\/revisions"}],"predecessor-version":[{"id":5206,"href":"https:\/\/famatv.com.br\/index.php\/wp-json\/wp\/v2\/posts\/5205\/revisions\/5206"}],"wp:featuredmedia":[{"embeddable":true,"href":"https:\/\/famatv.com.br\/index.php\/wp-json\/wp\/v2\/media\/5204"}],"wp:attachment":[{"href":"https:\/\/famatv.com.br\/index.php\/wp-json\/wp\/v2\/media?parent=5205"}],"wp:term":[{"taxonomy":"category","embeddable":true,"href":"https:\/\/famatv.com.br\/index.php\/wp-json\/wp\/v2\/categories?post=5205"},{"taxonomy":"post_tag","embeddable":true,"href":"https:\/\/famatv.com.br\/index.php\/wp-json\/wp\/v2\/tags?post=5205"}],"curies":[{"name":"wp","href":"https:\/\/api.w.org\/{rel}","templated":true}]}}