{"id":5211,"date":"2026-09-03T17:05:05","date_gmt":"2026-09-03T17:05:05","guid":{"rendered":"https:\/\/famatv.com.br\/?p=5211"},"modified":"2026-09-03T17:05:05","modified_gmt":"2026-09-03T17:05:05","slug":"acordo-define-responsabilidades-de-pedro-espindola-com-a-filha-apos-passagem-pelo-bbb26","status":"publish","type":"post","link":"https:\/\/famatv.com.br\/index.php\/2026\/09\/03\/acordo-define-responsabilidades-de-pedro-espindola-com-a-filha-apos-passagem-pelo-bbb26\/","title":{"rendered":"Acordo define responsabilidades de Pedro Esp\u00edndola com a filha ap\u00f3s passagem pelo BBB26"},"content":{"rendered":"<p>Pedro Henrique Esp\u00edndola, conhecido pela participa\u00e7\u00e3o no \u201cBBB26\u201d, da Globo, formalizou um acordo com Rayne Luiza Martins Flores envolvendo a filha que os dois tiveram juntos. O documento foi assinado em 31 de agosto e re\u00fane as condi\u00e7\u00f5es acertadas pelas partes em rela\u00e7\u00e3o ao reconhecimento da paternidade e \u00e0s responsabilidades com a crian\u00e7a.<\/p>\n<p>Os termos foram estabelecidos ap\u00f3s as partes chegarem a um entendimento sobre a situa\u00e7\u00e3o familiar. Trechos do documento foram encaminhados pela defesa de Pedro e detalham os compromissos assumidos a partir da formaliza\u00e7\u00e3o do acordo.<\/p>\n<p>A assinatura representa uma defini\u00e7\u00e3o oficial sobre a rela\u00e7\u00e3o de Pedro com a filha. O documento estabelece par\u00e2metros para que as obriga\u00e7\u00f5es relacionadas \u00e0 crian\u00e7a sejam cumpridas, colocando no papel os pontos acordados entre o ex-BBB e Rayne.<\/p>\n<p>A quest\u00e3o familiar passou a integrar a vida p\u00fablica de Pedro justamente em um per\u00edodo de grande exposi\u00e7\u00e3o. Depois de sua participa\u00e7\u00e3o no reality show da Globo, o ex-brother continuou buscando oportunidades na televis\u00e3o e chegou a realizar entrevistas com o objetivo de integrar o elenco de \u201cA Fazenda\u201d, da Record.<\/p>\n<p>A poss\u00edvel participa\u00e7\u00e3o no reality rural seria uma nova oportunidade para Pedro permanecer no circuito televisivo ap\u00f3s o \u201cBBB26\u201d. As movimenta\u00e7\u00f5es profissionais acontecem paralelamente \u00e0 organiza\u00e7\u00e3o de sua vida pessoal, agora com o acordo firmado com a m\u00e3e de sua filha.<\/p>\n<p>O documento tamb\u00e9m serve para estabelecer de maneira mais clara as responsabilidades de cada um em rela\u00e7\u00e3o \u00e0 crian\u00e7a. Com a formaliza\u00e7\u00e3o, os pontos acordados deixam de ser apenas uma negocia\u00e7\u00e3o entre as partes e passam a estar registrados em documento.<\/p>\n<p>A defesa de Pedro foi quem apresentou os trechos do acordo que vieram a p\u00fablico. As informa\u00e7\u00f5es permitem compreender que o entendimento envolve diretamente o reconhecimento da paternidade e os deveres decorrentes da rela\u00e7\u00e3o entre pai e filha.<\/p>\n<p>A assinatura ocorreu no \u00faltimo dia 31 de agosto, encerrando uma etapa das tratativas entre Pedro e Rayne. A partir do acordo, ficam definidos os compromissos relacionados \u00e0 cria\u00e7\u00e3o e aos cuidados com a menina dentro das condi\u00e7\u00f5es estabelecidas pelos dois.<\/p>\n<p>Enquanto isso, Pedro tenta aproveitar a visibilidade conquistada no \u201cBBB26\u201d para construir novos projetos. A busca por uma vaga em \u201cA Fazenda\u201d indica o interesse do ex-participante em continuar trabalhando diante das c\u00e2meras e ampliar sua presen\u00e7a no entretenimento.<\/p>\n<p>A passagem pelo reality da Globo colocou Pedro sob os holofotes e fez com que sua vida pessoal tamb\u00e9m despertasse a aten\u00e7\u00e3o do p\u00fablico. Com o acordo, entretanto, os assuntos ligados \u00e0 filha passam a contar com uma defini\u00e7\u00e3o formal entre os envolvidos.<\/p>\n<p>O entendimento firmado entre Pedro Esp\u00edndola e Rayne Luiza Martins Flores estabelece, assim, uma nova etapa na rela\u00e7\u00e3o dos dois como pais. O documento concentra as responsabilidades relacionadas \u00e0 crian\u00e7a e registra oficialmente o consenso alcan\u00e7ado pelas partes no fim de agosto.<\/p>\n<p><\/p>\n","protected":false},"excerpt":{"rendered":"<p>Pedro Henrique Esp\u00edndola, conhecido pela participa\u00e7\u00e3o no \u201cBBB26\u201d, da Globo, formalizou um acordo com Rayne Luiza Martins Flores envolvendo a filha que os dois tiveram juntos. O documento foi assinado em 31 de agosto e re\u00fane as condi\u00e7\u00f5es acertadas pelas partes em rela\u00e7\u00e3o ao reconhecimento da paternidade e \u00e0s responsabilidades com a crian\u00e7a. Os termos [\u2026]<\/p>\n","protected":false},"author":2,"featured_media":5210,"comment_status":"closed","ping_status":"open","sticky":false,"template":"","format":"standard","meta":{"footnotes":""},"categories":[32],"tags":[],"class_list":["post-5211","post","type-post","status-publish","format-standard","has-post-thumbnail","hentry","category-famosos"],"featured_image_urls":{"full":["https:\/\/famatv.com.br\/wp-content\/uploads\/2026\/09\/Ex-esposa-de-Pedro-do-BBB26-e-notificada-por-advogados-do-ambulante-entenda.jpg",1200,900,false],"thumbnail":["https:\/\/famatv.com.br\/wp-content\/uploads\/2026\/09\/Ex-esposa-de-Pedro-do-BBB26-e-notificada-por-advogados-do-ambulante-entenda-150x150.jpg",150,150,true],"medium":["https:\/\/famatv.com.br\/wp-content\/uploads\/2026\/09\/Ex-esposa-de-Pedro-do-BBB26-e-notificada-por-advogados-do-ambulante-entenda-300x225.jpg",300,225,true],"medium_large":["https:\/\/famatv.com.br\/wp-content\/uploads\/2026\/09\/Ex-esposa-de-Pedro-do-BBB26-e-notificada-por-advogados-do-ambulante-entenda-768x576.jpg",640,480,true],"large":["https:\/\/famatv.com.br\/wp-content\/uploads\/2026\/09\/Ex-esposa-de-Pedro-do-BBB26-e-notificada-por-advogados-do-ambulante-entenda-1024x768.jpg",640,480,true],"1536x1536":["https:\/\/famatv.com.br\/wp-content\/uploads\/2026\/09\/Ex-esposa-de-Pedro-do-BBB26-e-notificada-por-advogados-do-ambulante-entenda.jpg",1200,900,false],"2048x2048":["https:\/\/famatv.com.br\/wp-content\/uploads\/2026\/09\/Ex-esposa-de-Pedro-do-BBB26-e-notificada-por-advogados-do-ambulante-entenda.jpg",1200,900,false]},"author_info":{"info":["assessoriadefamosos"]},"category_info":"<a href=\"https:\/\/famatv.com.br\/index.php\/category\/famosos\/\" rel=\"category tag\">Famosos<\/a>","tag_info":"Famosos","comment_count":"0","_links":{"self":[{"href":"https:\/\/famatv.com.br\/index.php\/wp-json\/wp\/v2\/posts\/5211","targetHints":{"allow":["GET"]}}],"collection":[{"href":"https:\/\/famatv.com.br\/index.php\/wp-json\/wp\/v2\/posts"}],"about":[{"href":"https:\/\/famatv.com.br\/index.php\/wp-json\/wp\/v2\/types\/post"}],"author":[{"embeddable":true,"href":"https:\/\/famatv.com.br\/index.php\/wp-json\/wp\/v2\/users\/2"}],"replies":[{"embeddable":true,"href":"https:\/\/famatv.com.br\/index.php\/wp-json\/wp\/v2\/comments?post=5211"}],"version-history":[{"count":1,"href":"https:\/\/famatv.com.br\/index.php\/wp-json\/wp\/v2\/posts\/5211\/revisions"}],"predecessor-version":[{"id":5212,"href":"https:\/\/famatv.com.br\/index.php\/wp-json\/wp\/v2\/posts\/5211\/revisions\/5212"}],"wp:featuredmedia":[{"embeddable":true,"href":"https:\/\/famatv.com.br\/index.php\/wp-json\/wp\/v2\/media\/5210"}],"wp:attachment":[{"href":"https:\/\/famatv.com.br\/index.php\/wp-json\/wp\/v2\/media?parent=5211"}],"wp:term":[{"taxonomy":"category","embeddable":true,"href":"https:\/\/famatv.com.br\/index.php\/wp-json\/wp\/v2\/categories?post=5211"},{"taxonomy":"post_tag","embeddable":true,"href":"https:\/\/famatv.com.br\/index.php\/wp-json\/wp\/v2\/tags?post=5211"}],"curies":[{"name":"wp","href":"https:\/\/api.w.org\/{rel}","templated":true}]}}