{"id":5214,"date":"2026-09-03T17:08:08","date_gmt":"2026-09-03T17:08:08","guid":{"rendered":"https:\/\/famatv.com.br\/?p=5214"},"modified":"2026-09-03T17:08:08","modified_gmt":"2026-09-03T17:08:08","slug":"alex-escobar-atualiza-fas-sobre-recuperacao-e-admite-que-retorno-a-tv-ainda-vai-demorar","status":"publish","type":"post","link":"https:\/\/famatv.com.br\/index.php\/2026\/09\/03\/alex-escobar-atualiza-fas-sobre-recuperacao-e-admite-que-retorno-a-tv-ainda-vai-demorar\/","title":{"rendered":"Alex Escobar atualiza f\u00e3s sobre recupera\u00e7\u00e3o e admite que retorno \u00e0 TV ainda vai demorar"},"content":{"rendered":"<p>Alex Escobar abriu o jogo sobre sua recupera\u00e7\u00e3o e voltou a pedir paci\u00eancia aos f\u00e3s que aguardam seu retorno \u00e0 televis\u00e3o. O apresentador do \u201cGlobo Esporte RJ\u201d publicou um novo desabafo nesta quarta-feira (2), comentando o per\u00edodo de afastamento e refor\u00e7ando que ainda precisa de tempo para recuperar-se completamente.<\/p>\n<p>O jornalista est\u00e1 longe da TV desde junho, quando passou mal durante a cobertura da Copa do Mundo. Ap\u00f3s a realiza\u00e7\u00e3o de exames, ele foi diagnosticado com miastenia, uma doen\u00e7a autoimune que prejudica a comunica\u00e7\u00e3o entre os nervos e os m\u00fasculos.<\/p>\n<p>Desde o in\u00edcio do tratamento, Escobar tem compartilhado algumas etapas do processo com os seguidores. A recupera\u00e7\u00e3o tamb\u00e9m envolveu a retirada de um tumor, procedimento que passou a fazer parte dos cuidados adotados diante do quadro de sa\u00fade.<\/p>\n<p>Na nova publica\u00e7\u00e3o, o apresentador ressaltou que o desejo de voltar ao trabalho existe, mas que n\u00e3o pretende transformar a pressa em prioridade. Para ele, \u00e9 necess\u00e1rio respeitar os sinais do pr\u00f3prio corpo e seguir o per\u00edodo indicado para a recupera\u00e7\u00e3o.<\/p>\n<p>Escobar aproveitou ainda para mencionar Lu\u00eds Roberto. O narrador tamb\u00e9m passou por um per\u00edodo afastado antes de retomar as atividades profissionais, retornando ao trabalho depois de aproximadamente quatro meses.<\/p>\n<p>A experi\u00eancia do colega serviu como refer\u00eancia para o apresentador diante das expectativas em torno de sua pr\u00f3pria volta. Escobar deixou claro que n\u00e3o existe uma f\u00f3rmula \u00fanica para esse tipo de recupera\u00e7\u00e3o e que cada pessoa precisa seguir seu pr\u00f3prio ritmo.<\/p>\n<p>\u201cPreciso de tempo\u201d foi uma das mensagens deixadas pelo jornalista ao falar sobre a situa\u00e7\u00e3o. A declara\u00e7\u00e3o mostra que, apesar da saudade dos est\u00fadios e do contato com o p\u00fablico, ele entende que o momento exige cautela.<\/p>\n<p>O afastamento interrompeu temporariamente a rotina de Escobar \u00e0 frente do \u201cGlobo Esporte RJ\u201d. Conhecido pela maneira descontra\u00edda de conduzir o programa, ele passou a receber in\u00fameras manifesta\u00e7\u00f5es de carinho desde que revelou aos telespectadores o problema de sa\u00fade.<\/p>\n<p>Al\u00e9m do acompanhamento m\u00e9dico, o apresentador destacou a import\u00e2ncia da f\u00e9 durante a fase de recupera\u00e7\u00e3o. O suporte da fam\u00edlia tamb\u00e9m apareceu como um dos pilares para enfrentar as mudan\u00e7as provocadas pelo afastamento e pela necessidade de dedicar mais aten\u00e7\u00e3o \u00e0 sa\u00fade.<\/p>\n<p>Nas redes sociais, Escobar vem mantendo os seguidores informados sempre que considera poss\u00edvel. As publica\u00e7\u00f5es ajudam a aproximar o jornalista do p\u00fablico mesmo durante o per\u00edodo em que permanece fora da programa\u00e7\u00e3o da Globo.<\/p>\n<p>A miastenia \u00e9 uma condi\u00e7\u00e3o que interfere na transmiss\u00e3o dos impulsos entre os nervos e os m\u00fasculos, podendo provocar fraqueza muscular. O tratamento depende de cada caso e exige acompanhamento adequado, o que refor\u00e7a a necessidade de que o paciente respeite as orienta\u00e7\u00f5es m\u00e9dicas.<\/p>\n<p>Por enquanto, n\u00e3o h\u00e1 uma data anunciada para o retorno definitivo de Escobar \u00e0 televis\u00e3o. O apresentador prefere concentrar os esfor\u00e7os na recupera\u00e7\u00e3o antes de reassumir a rotina intensa de trabalho.<\/p>\n<p>A expectativa dos f\u00e3s, no entanto, permanece. Enquanto se recupera, Alex Escobar segue recebendo mensagens de apoio e demonstrando gratid\u00e3o pela torcida. O jornalista agora encara mais uma etapa do processo com a certeza de que voltar bem \u00e9 mais importante do que voltar rapidamente.<\/p>\n<p><\/p>\n","protected":false},"excerpt":{"rendered":"<p>Alex Escobar abriu o jogo sobre sua recupera\u00e7\u00e3o e voltou a pedir paci\u00eancia aos f\u00e3s que aguardam seu retorno \u00e0 televis\u00e3o. O apresentador do \u201cGlobo Esporte RJ\u201d publicou um novo desabafo nesta quarta-feira (2), comentando o per\u00edodo de afastamento e refor\u00e7ando que ainda precisa de tempo para recuperar-se completamente. O jornalista est\u00e1 longe da TV [\u2026]<\/p>\n","protected":false},"author":2,"featured_media":5213,"comment_status":"closed","ping_status":"open","sticky":false,"template":"","format":"standard","meta":{"footnotes":""},"categories":[32],"tags":[],"class_list":["post-5214","post","type-post","status-publish","format-standard","has-post-thumbnail","hentry","category-famosos"],"featured_image_urls":{"full":["https:\/\/famatv.com.br\/wp-content\/uploads\/2026\/09\/xhHHDgKO-Design-sem-nome-5-1.png",1200,900,false],"thumbnail":["https:\/\/famatv.com.br\/wp-content\/uploads\/2026\/09\/xhHHDgKO-Design-sem-nome-5-1-150x150.png",150,150,true],"medium":["https:\/\/famatv.com.br\/wp-content\/uploads\/2026\/09\/xhHHDgKO-Design-sem-nome-5-1-300x225.png",300,225,true],"medium_large":["https:\/\/famatv.com.br\/wp-content\/uploads\/2026\/09\/xhHHDgKO-Design-sem-nome-5-1-768x576.png",640,480,true],"large":["https:\/\/famatv.com.br\/wp-content\/uploads\/2026\/09\/xhHHDgKO-Design-sem-nome-5-1-1024x768.png",640,480,true],"1536x1536":["https:\/\/famatv.com.br\/wp-content\/uploads\/2026\/09\/xhHHDgKO-Design-sem-nome-5-1.png",1200,900,false],"2048x2048":["https:\/\/famatv.com.br\/wp-content\/uploads\/2026\/09\/xhHHDgKO-Design-sem-nome-5-1.png",1200,900,false]},"author_info":{"info":["assessoriadefamosos"]},"category_info":"<a href=\"https:\/\/famatv.com.br\/index.php\/category\/famosos\/\" rel=\"category tag\">Famosos<\/a>","tag_info":"Famosos","comment_count":"0","_links":{"self":[{"href":"https:\/\/famatv.com.br\/index.php\/wp-json\/wp\/v2\/posts\/5214","targetHints":{"allow":["GET"]}}],"collection":[{"href":"https:\/\/famatv.com.br\/index.php\/wp-json\/wp\/v2\/posts"}],"about":[{"href":"https:\/\/famatv.com.br\/index.php\/wp-json\/wp\/v2\/types\/post"}],"author":[{"embeddable":true,"href":"https:\/\/famatv.com.br\/index.php\/wp-json\/wp\/v2\/users\/2"}],"replies":[{"embeddable":true,"href":"https:\/\/famatv.com.br\/index.php\/wp-json\/wp\/v2\/comments?post=5214"}],"version-history":[{"count":1,"href":"https:\/\/famatv.com.br\/index.php\/wp-json\/wp\/v2\/posts\/5214\/revisions"}],"predecessor-version":[{"id":5215,"href":"https:\/\/famatv.com.br\/index.php\/wp-json\/wp\/v2\/posts\/5214\/revisions\/5215"}],"wp:featuredmedia":[{"embeddable":true,"href":"https:\/\/famatv.com.br\/index.php\/wp-json\/wp\/v2\/media\/5213"}],"wp:attachment":[{"href":"https:\/\/famatv.com.br\/index.php\/wp-json\/wp\/v2\/media?parent=5214"}],"wp:term":[{"taxonomy":"category","embeddable":true,"href":"https:\/\/famatv.com.br\/index.php\/wp-json\/wp\/v2\/categories?post=5214"},{"taxonomy":"post_tag","embeddable":true,"href":"https:\/\/famatv.com.br\/index.php\/wp-json\/wp\/v2\/tags?post=5214"}],"curies":[{"name":"wp","href":"https:\/\/api.w.org\/{rel}","templated":true}]}}